{"id":8099,"date":"2019-10-09T15:17:54","date_gmt":"2019-10-09T19:17:54","guid":{"rendered":"https:\/\/cybersavoir4.cssdm.gouv.qc.ca\/bibliotheque\/?p=8099"},"modified":"2019-10-09T15:17:54","modified_gmt":"2019-10-09T19:17:54","slug":"on-est-tous-uniques","status":"publish","type":"post","link":"https:\/\/cybersavoir4.cssdm.gouv.qc.ca\/bibliotheque\/on-est-tous-uniques\/","title":{"rendered":"On est tous uniques"},"content":{"rendered":"<figure id=\"attachment_8100\" aria-describedby=\"caption-attachment-8100\" style=\"width: 240px\" class=\"wp-caption alignleft\"><img loading=\"lazy\" decoding=\"async\" class=\"wp-image-8100\" src=\"https:\/\/cybersavoir4.cssdm.gouv.qc.ca\/bibliotheque\/wp-content\/uploads\/sites\/2\/2019\/10\/on_est-tous_uniques-300x300.jpg\" alt=\"\" width=\"240\" height=\"240\" srcset=\"https:\/\/cybersavoir4.cssdm.gouv.qc.ca\/bibliotheque\/wp-content\/uploads\/sites\/2\/2019\/10\/on_est-tous_uniques-300x300.jpg 300w, https:\/\/cybersavoir4.cssdm.gouv.qc.ca\/bibliotheque\/wp-content\/uploads\/sites\/2\/2019\/10\/on_est-tous_uniques-150x150.jpg 150w, https:\/\/cybersavoir4.cssdm.gouv.qc.ca\/bibliotheque\/wp-content\/uploads\/sites\/2\/2019\/10\/on_est-tous_uniques.jpg 400w\" sizes=\"auto, (max-width: 240px) 100vw, 240px\" \/><figcaption id=\"caption-attachment-8100\" class=\"wp-caption-text\">Reproduction d\u2019image autoris\u00e9e par SQTD.<\/figcaption><\/figure>\n<p>On est tous uniques !\u00a0 Un album qui encourage la de r\u00e9flexion entre ce qui est semblable et diff\u00e9rent chez soi et les autres.\u00a0 Id\u00e9al pour construire son estime de soi et nous aider \u00e0 vivre des relations harmonieuses avec les autres<\/p>\n<p>Dans sa lecture vous d\u00e9couvrirez les points communs et les diff\u00e9rences entre amis et animaux. Le tout dans un cadre humoristique et fantaisiste.<\/p>\n<p>Consultez notre fiche de lecture interactive pour le pr\u00e9scolaire et le 1er cycle du primaire.<\/p>\n<p>&nbsp;<\/p>\n<p><!--more--><\/p>\n<p><strong>On est tous Uniques !\u00a0<\/strong>Pourquoi cet album sur les diff\u00e9rences ?<\/p>\n<ul>\n<li>Pour mieux se conna\u00eetre<\/li>\n<li>Pour appr\u00e9cier et se r\u00e9jouir de la diversit\u00e9 qui existe dans le monde qui nous entoure<\/li>\n<li>Pour reconna\u00eetre les points communs que nous partageons tous (manger, dormir, jouer\u2026)<\/li>\n<li>Pour comprendre que nous ne sommes pas si diff\u00e9rents les uns des autres. Que nous soyons grand ou petit, rapide ou lent, ce qui compte c\u2019est d\u2019\u00eatre heureux, d\u2019avoir des amis<span style=\"font-size: 1rem\"> et de s\u2019aimer.<\/span><\/li>\n<\/ul>\n<p>On est tous uniques. \u00c9crit par Karl Newson et illustr\u00e9 par Kate Hindley. Traduit de l\u2019anglais par Sandra Nelson.<\/p>\n<p><span style=\"font-size: 12pt\"><strong>Consultez notre fiche p\u00e9dagogique comprenant<\/strong> <span style=\"color: #008000\"><strong><a style=\"color: #008000\" href=\"https:\/\/cybersavoir4.cssdm.gouv.qc.ca\/bibliotheque\/wp-content\/uploads\/sites\/2\/2019\/10\/Pssst_Sept-2019_On-est-tous-uniques.pdf\" target=\"_blank\" rel=\"noopener\">une lecture interactive<\/a>.<br \/>\n<\/strong><\/span><span style=\"color: #000000;font-size: 11pt\">Disponible \u00e9galement sur le site <a href=\"http:\/\/cybersavoir.csdm.qc.ca\/edupresco\/lisez-moi-2\/\" target=\"_blank\" rel=\"noopener\">\u00c9ducation pr\u00e9scolaire<\/a> de la CSDM.<\/span><\/span><\/p>\n<p>Bonne lecture !<\/p>\n","protected":false},"excerpt":{"rendered":"<p>On est tous uniques !\u00a0 Un album qui encourage la de r\u00e9flexion entre ce qui est semblable et diff\u00e9rent chez soi et les autres.\u00a0 Id\u00e9al pour construire son estime de soi et nous aider \u00e0 vivre des relations harmonieuses avec les autres Dans sa lecture vous d\u00e9couvrirez les points communs et les diff\u00e9rences entre amis [&hellip;]<\/p>\n","protected":false},"author":0,"featured_media":0,"comment_status":"open","ping_status":"open","sticky":false,"template":"","format":"standard","meta":{"footnotes":""},"categories":[9],"tags":[11,55,33],"class_list":["post-8099","post","type-post","status-publish","format-standard","hentry","category-coups-de-coeur","tag-1er-cycle-du-primaire","tag-difference","tag-prescolaire"],"_links":{"self":[{"href":"https:\/\/cybersavoir4.cssdm.gouv.qc.ca\/bibliotheque\/wp-json\/wp\/v2\/posts\/8099","targetHints":{"allow":["GET"]}}],"collection":[{"href":"https:\/\/cybersavoir4.cssdm.gouv.qc.ca\/bibliotheque\/wp-json\/wp\/v2\/posts"}],"about":[{"href":"https:\/\/cybersavoir4.cssdm.gouv.qc.ca\/bibliotheque\/wp-json\/wp\/v2\/types\/post"}],"replies":[{"embeddable":true,"href":"https:\/\/cybersavoir4.cssdm.gouv.qc.ca\/bibliotheque\/wp-json\/wp\/v2\/comments?post=8099"}],"version-history":[{"count":0,"href":"https:\/\/cybersavoir4.cssdm.gouv.qc.ca\/bibliotheque\/wp-json\/wp\/v2\/posts\/8099\/revisions"}],"wp:attachment":[{"href":"https:\/\/cybersavoir4.cssdm.gouv.qc.ca\/bibliotheque\/wp-json\/wp\/v2\/media?parent=8099"}],"wp:term":[{"taxonomy":"category","embeddable":true,"href":"https:\/\/cybersavoir4.cssdm.gouv.qc.ca\/bibliotheque\/wp-json\/wp\/v2\/categories?post=8099"},{"taxonomy":"post_tag","embeddable":true,"href":"https:\/\/cybersavoir4.cssdm.gouv.qc.ca\/bibliotheque\/wp-json\/wp\/v2\/tags?post=8099"}],"curies":[{"name":"wp","href":"https:\/\/api.w.org\/{rel}","templated":true}]}}