{"id":8025,"date":"2019-09-17T09:58:59","date_gmt":"2019-09-17T13:58:59","guid":{"rendered":"https:\/\/cybersavoir4.cssdm.gouv.qc.ca\/bibliotheque\/?p=8025"},"modified":"2025-03-18T20:55:29","modified_gmt":"2025-03-18T19:55:29","slug":"mini-colloque-de-passion-et-dactions-2019","status":"publish","type":"post","link":"https:\/\/cybersavoir4.cssdm.gouv.qc.ca\/bibliotheque\/mini-colloque-de-passion-et-dactions-2019\/","title":{"rendered":"Mini-Colloque : de passion et d&rsquo;actions 2019"},"content":{"rendered":"<p><img loading=\"lazy\" decoding=\"async\" class=\"alignleft size-medium wp-image-8029\" src=\"https:\/\/cybersavoir4.cssdm.gouv.qc.ca\/bibliotheque\/wp-content\/uploads\/sites\/2\/2019\/09\/mini_colloque_bibliotheque_affiche-300x150.png\" alt=\"\" width=\"300\" height=\"150\" srcset=\"https:\/\/cybersavoir4.cssdm.gouv.qc.ca\/bibliotheque\/wp-content\/uploads\/sites\/2\/2019\/09\/mini_colloque_bibliotheque_affiche-300x150.png 300w, https:\/\/cybersavoir4.cssdm.gouv.qc.ca\/bibliotheque\/wp-content\/uploads\/sites\/2\/2019\/09\/mini_colloque_bibliotheque_affiche-1024x512.png 1024w, https:\/\/cybersavoir4.cssdm.gouv.qc.ca\/bibliotheque\/wp-content\/uploads\/sites\/2\/2019\/09\/mini_colloque_bibliotheque_affiche-768x384.png 768w, https:\/\/cybersavoir4.cssdm.gouv.qc.ca\/bibliotheque\/wp-content\/uploads\/sites\/2\/2019\/09\/mini_colloque_bibliotheque_affiche-1536x768.png 1536w, https:\/\/cybersavoir4.cssdm.gouv.qc.ca\/bibliotheque\/wp-content\/uploads\/sites\/2\/2019\/09\/mini_colloque_bibliotheque_affiche-2048x1024.png 2048w\" sizes=\"auto, (max-width: 300px) 100vw, 300px\" \/>L&rsquo;\u00e9quipe des biblioth\u00e9caires de la CSDM organise un <strong>Mini-Colloque gratuit le 23 octobre, de 8h \u00e0 12h\u00a0<\/strong>afin de cr\u00e9er un espace de rencontres et soutenir les parents-partenaires et les \u00e9quipes-\u00e9coles de toutes les commissions scolaires du Qu\u00e9bec qui collaborent ensemble afin de faire vivre la biblioth\u00e8que scolaire. <strong>CONSULTEZ LES D\u00c9TAILS ET\u00a0INSCRIVEZ-VOUS !<\/strong><\/p>\n<p><!--more--><\/p>\n<p><span style=\"font-size: 1rem\">Le mini-colloque sera un espace de rencontres, de r\u00e9seautage, de partage et de discussions entre acteurs qui se d\u00e9vouent \u00e0 la biblioth\u00e8que scolaire.<\/span><\/p>\n<div>\n<p><b>Au menu :<\/b>\u00a0des exemples d\u2019engagement visant \u00e0 rendre la biblioth\u00e8que scolaire vivante et bien organis\u00e9e,\u00a0des activit\u00e9s pour d\u00e9velopper le vocabulaire chez les enfants \u00e0 risque,\u00a0des projets faciles \u00e0 r\u00e9aliser et\u00a0ax\u00e9s sur le plaisir \u00e0 lire, des id\u00e9es d&rsquo;animation\u00a0durant la p\u00e9riode de biblioth\u00e8que et encore plus !<\/p>\n<p><span style=\"font-size: 14pt\"><b>INSCRIPTION SUR EVENTBRITE\u00a0<\/b><span style=\"color: #008000\"><b><a style=\"color: #008000\" title=\"https:\/\/www.eventbrite.ca\/e\/billets-mini-colloque-les-amis-de-la-bibliotheque-scolaire-de-passion-et-dactions-68805169113\" href=\"https:\/\/www.eventbrite.ca\/e\/billets-mini-colloque-les-amis-de-la-bibliotheque-scolaire-de-passion-et-dactions-68805169113\" target=\"_blank\" rel=\"noopener noreferrer\">EN CLIQUANT SUR LE LIEN ICI<\/a><br \/>\n<span style=\"color: #000000;font-size: 12pt\">(INSCRIPTION AVANT LE 20 OCTOBRE 2019)<\/span><\/b><\/span><\/span><\/p>\n<p><b>D\u00c9TAILS<\/b><\/p>\n<p><b>8h &#8211;\u00a0<\/b>Accueil et visite des exposants<br \/>\n<b>8h15 &#8211;\u00a0<\/b>Pr\u00e9sentation des participants<br \/>\n<b>8h30 &#8211;<\/b>\u00a0Mot de bienvenue &#8211; pr\u00e9sentation du th\u00e8me et de la journ\u00e9e (biblioth\u00e9caires)<br \/>\n<b>8h40 &#8211;\u00a0<\/b>Exemples d\u2019engagements<br \/>\n<b>1. Volont\u00e9 et cr\u00e9ativit\u00e9<\/b><br \/>\nPar Anne Piechowiak-Reinhardt. Actuelle enseignante et ancienne parent-partenaire pr\u00e9sidente de l&rsquo;OPP et responsable de la biblioth\u00e8que de l&rsquo;\u00e9cole Sans-Fronti\u00e8res.<\/p>\n<p style=\"padding-left: 30px\"><i style=\"font-size: 1rem\">Bref historique de notre biblioth\u00e8que pour montrer que malgr\u00e9 les al\u00e9as de la vie, la volont\u00e9 et la cr\u00e9ativit\u00e9 permettent de poursuivre des projets qui nous tiennent \u00e0 c\u0153ur et notamment de maintenir en place un \u00ab\u00a0syst\u00e8me de biblioth\u00e8que\u00a0\u00bb \u00e0 l&rsquo;\u00e9cole. Fonctionnement actuel de notre biblioth\u00e8que, id\u00e9es et perspectives.<\/i><\/p>\n<p><b style=\"font-size: 1rem\">2. Prendre soin des livres<br \/>\n<\/b><span style=\"font-size: 1rem\">Par Julie Desnoyers. Parent-partenaire, responsable de la biblioth\u00e8que scolaire de l\u2019\u00e9cole Fernand-Seguin, pavillon Julie-Payette.<\/span><\/p>\n<p style=\"padding-left: 30px\"><i style=\"font-size: 1rem\">Projet ayant permis \u00e0 l&rsquo;\u00e9quipe-\u00e9cole de d\u00e9velopper une expertise en r\u00e9paration des livres. Utilisation du projet pour installer une culture de soin des livres \u00e0 l&rsquo;\u00e9cole dans une perspective de respect du mat\u00e9riel et de d\u00e9veloppement durable. Gen\u00e8se du projet, retomb\u00e9es et sensibilisation. De plus, les b\u00e9n\u00e9voles partageront des trucs et des conseils pratiques.<\/i><\/p>\n<\/div>\n<div>\n<p><b>3. Projet livre myst\u00e9rieux<br \/>\n<\/b>Par St\u00e9phanie Bouchard. Enseignante \u00c9cole Louis-H Lafontaine<\/p>\n<p style=\"padding-left: 30px\"><i style=\"font-size: 1rem\">Pr\u00e9sentation d&rsquo;un \u00e9change de livre myst\u00e9rieux \u00e0 animer \u00e0 la St-Valentin, dans le but de faire plaisir ou d\u00e9couvrir. L&rsquo;activit\u00e9 s&rsquo;adresse aux \u00e9l\u00e8ves de la maternelle \u00e0 la 6e ann\u00e9e.<\/i><\/p>\n<\/div>\n<div>\n<p><b>4. Nul n\u2019est proph\u00e8te&#8230;hors de sa biblioth\u00e8que !<br \/>\n<\/b>Par \u00c9lise Carmel-Arbour. Orthop\u00e9dagogue de l\u2019\u00e9cole Champlain.<\/p>\n<p style=\"padding-left: 30px\"><i style=\"font-size: 1rem\">Nous avons d\u00e9cid\u00e9 de transformer notre biblioth\u00e8que, il y a maintenant 3 ans, afin de mieux l\u2019adapter \u00e0 nos \u00e9l\u00e8ves et la rendre plus vivante. Nous sommes constamment en questionnement et en transformation\u2026mais je suis en mesure de vous d\u00e9voiler de petits secrets (pas si secrets) qui nous ont permis de s\u2019approprier NOTRE biblioth\u00e8que. Au plaisir de partager mon exp\u00e9rience avec vous.<\/i><\/p>\n<\/div>\n<div>\n<p><b>10h25<\/b>\u00a0Pause et visite des exposants<br \/>\n<strong>&#8211;<\/strong>Librairie Bric \u00e0 Brac<br \/>\n<strong>&#8211;<\/strong>Les Reliures Caron et L\u00e9tourneau<br \/>\n<strong>&#8211;<\/strong>Brault et Bouthillier<\/p>\n<p><b>10h45 &#8211;<\/b><b>\u00a0Conf\u00e9rence : D\u00e9velopper le vocabulaire chez les enfants \u00e0 risque<br \/>\n<\/b>Par Mme Catherine Angers. Dipl\u00f4m\u00e9e d&rsquo;\u00e9tudes sup\u00e9rieures sp\u00e9cialis\u00e9es en didactique des langues, enseignante et superviseure de stage \u00e0 l&rsquo;UQAM en adaptation scolaire et sociale.<\/p>\n<p style=\"padding-left: 30px\"><i style=\"font-size: 1rem\">Gigantesque, f\u00e9erique, myst\u00e9rieux\u2026 des mots riches rarement utilis\u00e9s \u00e0 l\u2019oral, mais souvent rencontr\u00e9s dans les histoires racont\u00e9es aux enfants. Tous les intervenants et parents partenaires peuvent contribuer \u00e0 enrichir le vocabulaire et ainsi favoriser l\u2019entr\u00e9e des enfants dans le merveilleux monde des mots. La litt\u00e9rature jeunesse et le jeu sont des occasions id\u00e9ales pour d\u00e9velopper cette richesse. Par la pr\u00e9sentation d\u2019albums et d\u2019activit\u00e9s ludiques, cet atelier vous donnera des outils concrets \u00e0 appliquer dans votre biblioth\u00e8que scolaire, au service de garde, dans la classe ou \u00e0 la maison d\u00e8s maintenant.<\/i><\/p>\n<\/div>\n<div>\n<p><b>11h15 \u2013<\/b>\u00a0Pr\u00e9sentation des projets de la part de l\u2019\u00e9quipe des Biblioth\u00e9caires de la CSDM<br \/>\n<b>11h45 &#8211;<\/b>\u00a0\u00c9valuation de la journ\u00e9e<br \/>\n<b>12h &#8211;<\/b>\u00a0Salutations<\/p>\n<p><span style=\"font-size: 14pt\"><b>INSCRIPTION SUR EVENTBRITE\u00a0<\/b><span style=\"color: #008000\"><b><a style=\"color: #008000\" title=\"https:\/\/www.eventbrite.ca\/e\/billets-mini-colloque-les-amis-de-la-bibliotheque-scolaire-de-passion-et-dactions-68805169113\" href=\"https:\/\/www.eventbrite.ca\/e\/billets-mini-colloque-les-amis-de-la-bibliotheque-scolaire-de-passion-et-dactions-68805169113\" target=\"_blank\" rel=\"noopener noreferrer\">EN CLIQUANT SUR LE LIEN ICI<\/a><br \/>\n<span style=\"color: #000000;font-size: 12pt\">(INSCRIPTION AVANT LE 20 OCTOBRE 2019)<\/span><br \/>\n<\/b><\/span><\/span><\/p>\n<p>Veuillez partagez ce message aux parents partenaires et aux \u00e9quipes-\u00e9coles,incluant le personnel du service de garde : \u00e9ducatrices\/\u00e9ducateurs et technicien-nes<\/p>\n<\/div>\n<div>\n<p><b>Au plaisir de vous voir !<\/b><\/p>\n<\/div>\n<div>\n<p><b style=\"font-size: 1rem\">L&rsquo;\u00e9quipe des biblioth\u00e9caires de la CSDM<\/b><\/p>\n<\/div>\n<p>&nbsp;<\/p>\n","protected":false},"excerpt":{"rendered":"<p>L&rsquo;\u00e9quipe des biblioth\u00e9caires de la CSDM organise un Mini-Colloque gratuit le 23 octobre, de 8h \u00e0 12h\u00a0afin de cr\u00e9er un espace de rencontres et soutenir les parents-partenaires et les \u00e9quipes-\u00e9coles de toutes les commissions scolaires du Qu\u00e9bec qui collaborent ensemble afin de faire vivre la biblioth\u00e8que scolaire. CONSULTEZ LES D\u00c9TAILS ET\u00a0INSCRIVEZ-VOUS !<\/p>\n","protected":false},"author":0,"featured_media":0,"comment_status":"open","ping_status":"open","sticky":false,"template":"","format":"standard","meta":{"footnotes":""},"categories":[189,14],"tags":[204],"class_list":["post-8025","post","type-post","status-publish","format-standard","hentry","category-mini-colloque-amis-bibliotheque-scolaire","category-nouvelle","tag-mini-colloque"],"_links":{"self":[{"href":"https:\/\/cybersavoir4.cssdm.gouv.qc.ca\/bibliotheque\/wp-json\/wp\/v2\/posts\/8025","targetHints":{"allow":["GET"]}}],"collection":[{"href":"https:\/\/cybersavoir4.cssdm.gouv.qc.ca\/bibliotheque\/wp-json\/wp\/v2\/posts"}],"about":[{"href":"https:\/\/cybersavoir4.cssdm.gouv.qc.ca\/bibliotheque\/wp-json\/wp\/v2\/types\/post"}],"replies":[{"embeddable":true,"href":"https:\/\/cybersavoir4.cssdm.gouv.qc.ca\/bibliotheque\/wp-json\/wp\/v2\/comments?post=8025"}],"version-history":[{"count":1,"href":"https:\/\/cybersavoir4.cssdm.gouv.qc.ca\/bibliotheque\/wp-json\/wp\/v2\/posts\/8025\/revisions"}],"predecessor-version":[{"id":12223,"href":"https:\/\/cybersavoir4.cssdm.gouv.qc.ca\/bibliotheque\/wp-json\/wp\/v2\/posts\/8025\/revisions\/12223"}],"wp:attachment":[{"href":"https:\/\/cybersavoir4.cssdm.gouv.qc.ca\/bibliotheque\/wp-json\/wp\/v2\/media?parent=8025"}],"wp:term":[{"taxonomy":"category","embeddable":true,"href":"https:\/\/cybersavoir4.cssdm.gouv.qc.ca\/bibliotheque\/wp-json\/wp\/v2\/categories?post=8025"},{"taxonomy":"post_tag","embeddable":true,"href":"https:\/\/cybersavoir4.cssdm.gouv.qc.ca\/bibliotheque\/wp-json\/wp\/v2\/tags?post=8025"}],"curies":[{"name":"wp","href":"https:\/\/api.w.org\/{rel}","templated":true}]}}