{"id":7267,"date":"2019-04-11T12:40:40","date_gmt":"2019-04-11T16:40:40","guid":{"rendered":"https:\/\/cybersavoir4.cssdm.gouv.qc.ca\/bibliotheque\/?p=7267"},"modified":"2019-04-11T12:40:40","modified_gmt":"2019-04-11T16:40:40","slug":"les-gens-normaux","status":"publish","type":"post","link":"https:\/\/cybersavoir4.cssdm.gouv.qc.ca\/bibliotheque\/les-gens-normaux\/","title":{"rendered":"Les gens normaux"},"content":{"rendered":"<figure id=\"attachment_7268\" aria-describedby=\"caption-attachment-7268\" style=\"width: 178px\" class=\"wp-caption alignleft\"><a href=\"https:\/\/cybersavoir4.cssdm.gouv.qc.ca\/bibliotheque\/wp-content\/uploads\/sites\/2\/2019\/04\/gens-normaux.jpg\"><img loading=\"lazy\" decoding=\"async\" class=\" wp-image-7268\" src=\"https:\/\/cybersavoir4.cssdm.gouv.qc.ca\/bibliotheque\/wp-content\/uploads\/sites\/2\/2019\/04\/gens-normaux-242x300.jpg\" alt=\"\" width=\"178\" height=\"221\" srcset=\"https:\/\/cybersavoir4.cssdm.gouv.qc.ca\/bibliotheque\/wp-content\/uploads\/sites\/2\/2019\/04\/gens-normaux-242x300.jpg 242w, https:\/\/cybersavoir4.cssdm.gouv.qc.ca\/bibliotheque\/wp-content\/uploads\/sites\/2\/2019\/04\/gens-normaux.jpg 442w\" sizes=\"auto, (max-width: 178px) 100vw, 178px\" \/><\/a><figcaption id=\"caption-attachment-7268\" class=\"wp-caption-text\">Reproduction d\u2019image<br \/>autoris\u00e9e par SQTD.<\/figcaption><\/figure>\n<p style=\"text-align: justify\">Dans le brouhaha quotidien d\u2019une cour d\u2019\u00e9cole, la petite Zita se fait soudain interrompre dans sa lecture par un camarade de classe. Avec une spontan\u00e9it\u00e9 enfantine, Logan regarde Zita et lui dit\u2026 \u00ab H\u00e9 toi\u2026 T\u2019es pas normal. \u00bb Cette remarque inattendue surprend et intrigue profond\u00e9ment la petite \u00e9coli\u00e8re. \u00c0 table, au souper familiale, elle tente d\u2019avoir une r\u00e9ponse sur ce que peu bien vouloir dire&#8230; \u00eatre normal. Son papa lui explique qu\u2019\u00eatre normal \u00ab \u00e7a veut dire ressembler aux autres\u2026 faire comme tout le monde. \u00bb Bien entendu, notre petite Zita veut \u00eatre normale comme tous les enfants de sa classe et elle d\u00e9cide pour ce faire d\u2019\u00e9tudier ses petits camarades. D\u00e9couvrez comment l\u2019exp\u00e9rience \u00ab hautement scientifique \u00bb de la petite Zita d\u00e9voile les nombreuses diff\u00e9rences et ressemblances qui sont pr\u00e9sentes dans une classe d\u2019\u00e9cole primaire et quelle sera la joyeuse surprise\u00a0 que\u00a0lui r\u00e9serve le r\u00e9sultat de sa recherche dont le sujet reste pour le moins d\u2019actualit\u00e9.<!--more--><\/p>\n<p style=\"text-align: justify\">D\u00e9cid\u00e9 \u00e0 d\u00e9couvrir ce qui caract\u00e9rise la normalit\u00e9 chez ses camarades de classe, Zita se munie d\u2019un petit carnet pour noter minutieusement ses observations. Notre scientifique en herbe commence par observer certains aspects de l\u2019apparence physique des \u00e9l\u00e8ves. Les gar\u00e7ons semblent avoir souvent les cheveux courts et les filles les cheveux longs\u2026 bien qu\u2019il y ait des exceptions. Par la suite, Zita remarque des similarit\u00e9s dans la mani\u00e8re de se tenir et plus sp\u00e9cifiquement dans la fa\u00e7on de croiser les bras de ses camarades. Et bien s\u00fbr, encore plus de singularit\u00e9s apparaissent. Tout ceci reste quelque peu m\u00e9langeant, mais Zita ne perd pas courage et consigne le tout avec s\u00e9rieux. Qu\u2019en est-il des go\u00fbts. Pour les frites, entre la mayonnaise et le ketchup, c\u2019est l\u2019\u00e9quilibre parfait dans la classe. Troublant\u2026 et pas du tout pratique. Heureusement, une des \u00e9l\u00e8ves ne mange pas de frites. Les jours se suivent et notre apprentis anthropologue pers\u00e9v\u00e8re. Bient\u00f4t, la petite Zita arrive au bout de la semaine et son carnet bien remplis montre que sur les deux groupes qu\u2019il propose, les gens normaux et les gens pas normaux, seulement le petit Logan serait quelqu\u2019un de normal. C\u2019est curieux et finalement sans doute r\u00e9v\u00e9lateur. Devant cette inversion des r\u00f4les, une solution s\u2019impose qui nous porte \u00e0 r\u00e9fl\u00e9chir et ouvre peut-\u00eatre m\u00eame un d\u00e9bat fort int\u00e9ressant\u2026<\/p>\n<p style=\"text-align: justify\">Sur un ton candide, les personnages joyeux et dynamiques de ce bel album aux couleurs tendres abordent malgr\u00e9 tout un th\u00e8me d\u00e9licat comme la normalit\u00e9 avec simplicit\u00e9 et humour. Un premier pas qui permet d\u2019ouvrir une discussion sur notre vision de l\u2019autre, cette diversit\u00e9 qui nous ressemble et bien entendu\u2026 le respect de la diff\u00e9rence.<\/p>\n<p style=\"text-align: right\">Damien Thornton, biblioth\u00e9caire<\/p>\n<p><strong>R\u00e9f\u00e9rence :<\/strong>\u00a0<em>Les Gens Normaux<\/em>\/ cr\u00e9\u00e9 par Micha\u00ebl Escoffier et Laure Monloubou, \u00c9ditions Kal\u00e9idoscope, 2019, 32 pages, ISBN : 9782877679954.<\/p>\n<p>Mots cl\u00e9s\u00a0: 1<sup>er<\/sup> cycle du primaire, Album, Normalit\u00e9, Diff\u00e9rence.<\/p>\n","protected":false},"excerpt":{"rendered":"<p>Dans le brouhaha quotidien d\u2019une cour d\u2019\u00e9cole, la petite Zita se fait soudain interrompre dans sa lecture par un camarade de classe. Avec une spontan\u00e9it\u00e9 enfantine, Logan regarde Zita et lui dit\u2026 \u00ab H\u00e9 toi\u2026 T\u2019es pas normal. \u00bb Cette remarque inattendue surprend et intrigue profond\u00e9ment la petite \u00e9coli\u00e8re. \u00c0 table, au souper familiale, elle [&hellip;]<\/p>\n","protected":false},"author":0,"featured_media":0,"comment_status":"open","ping_status":"open","sticky":false,"template":"","format":"standard","meta":{"footnotes":""},"categories":[9],"tags":[11,12,55,195],"class_list":["post-7267","post","type-post","status-publish","format-standard","hentry","category-coups-de-coeur","tag-1er-cycle-du-primaire","tag-album","tag-difference","tag-normalite"],"_links":{"self":[{"href":"https:\/\/cybersavoir4.cssdm.gouv.qc.ca\/bibliotheque\/wp-json\/wp\/v2\/posts\/7267","targetHints":{"allow":["GET"]}}],"collection":[{"href":"https:\/\/cybersavoir4.cssdm.gouv.qc.ca\/bibliotheque\/wp-json\/wp\/v2\/posts"}],"about":[{"href":"https:\/\/cybersavoir4.cssdm.gouv.qc.ca\/bibliotheque\/wp-json\/wp\/v2\/types\/post"}],"replies":[{"embeddable":true,"href":"https:\/\/cybersavoir4.cssdm.gouv.qc.ca\/bibliotheque\/wp-json\/wp\/v2\/comments?post=7267"}],"version-history":[{"count":0,"href":"https:\/\/cybersavoir4.cssdm.gouv.qc.ca\/bibliotheque\/wp-json\/wp\/v2\/posts\/7267\/revisions"}],"wp:attachment":[{"href":"https:\/\/cybersavoir4.cssdm.gouv.qc.ca\/bibliotheque\/wp-json\/wp\/v2\/media?parent=7267"}],"wp:term":[{"taxonomy":"category","embeddable":true,"href":"https:\/\/cybersavoir4.cssdm.gouv.qc.ca\/bibliotheque\/wp-json\/wp\/v2\/categories?post=7267"},{"taxonomy":"post_tag","embeddable":true,"href":"https:\/\/cybersavoir4.cssdm.gouv.qc.ca\/bibliotheque\/wp-json\/wp\/v2\/tags?post=7267"}],"curies":[{"name":"wp","href":"https:\/\/api.w.org\/{rel}","templated":true}]}}