{"id":6974,"date":"2019-02-14T14:44:38","date_gmt":"2019-02-14T19:44:38","guid":{"rendered":"https:\/\/cybersavoir4.cssdm.gouv.qc.ca\/bibliotheque\/?p=6974"},"modified":"2025-03-18T20:58:04","modified_gmt":"2025-03-18T19:58:04","slug":"coups_coeur_saint_valentin","status":"publish","type":"post","link":"https:\/\/cybersavoir4.cssdm.gouv.qc.ca\/bibliotheque\/coups_coeur_saint_valentin\/","title":{"rendered":"Coups de c\u0153ur Saint-Valentin"},"content":{"rendered":"<p>&nbsp;<\/p>\n<figure id=\"attachment_6975\" aria-describedby=\"caption-attachment-6975\" style=\"width: 140px\" class=\"wp-caption alignleft\"><a href=\"https:\/\/cybersavoir4.cssdm.gouv.qc.ca\/bibliotheque\/wp-content\/uploads\/sites\/2\/2019\/02\/saint-valentin-pingouin.png\"><img loading=\"lazy\" decoding=\"async\" class=\"wp-image-6975\" src=\"https:\/\/cybersavoir4.cssdm.gouv.qc.ca\/bibliotheque\/wp-content\/uploads\/sites\/2\/2019\/02\/saint-valentin-pingouin-255x300.png\" alt=\"\" width=\"140\" height=\"165\" srcset=\"https:\/\/cybersavoir4.cssdm.gouv.qc.ca\/bibliotheque\/wp-content\/uploads\/sites\/2\/2019\/02\/saint-valentin-pingouin-255x300.png 255w, https:\/\/cybersavoir4.cssdm.gouv.qc.ca\/bibliotheque\/wp-content\/uploads\/sites\/2\/2019\/02\/saint-valentin-pingouin.png 284w\" sizes=\"auto, (max-width: 140px) 100vw, 140px\" \/><\/a><figcaption id=\"caption-attachment-6975\" class=\"wp-caption-text\"><span style=\"font-size: 6pt\">www.mycutegraphics.com\/graphics\/valentines-day-images.html<\/span><\/figcaption><\/figure>\n<p>En l\u2019honneur de la <span style=\"color: #993300;font-size: 12pt\"><strong>Saint-Valentin<\/strong>\u2026<\/span><\/p>\n<p>Vos <span style=\"font-size: 12pt;color: #993300\"><strong>biblioth\u00e9caires scolaires<\/strong><\/span> et leurs coll\u00e8gues du Bureau des services \u00e9ducatifs compl\u00e9mentaires partagent avec vous leur livre coup de <span style=\"font-size: 12pt;color: #993300\"><strong>c\u0153ur<\/strong><\/span>\u2026des livres qui r\u00e9chauffent le <span style=\"color: #993300\"><span style=\"font-size: 12pt\"><strong>c\u0153ur<\/strong><\/span>!<\/span><\/p>\n<p><span style=\"color: #993300\"><strong><span style=\"font-size: 12pt\">Bonne lecture et Bonne Saint-Valentin!<\/span><\/strong><\/span><\/p>\n<p><!--more--><\/p>\n<h2>Coups de c\u0153ur litt\u00e9raires de la Saint-Valentin<\/h2>\n<p>Des membres du Bureau des services \u00e9ducatifs compl\u00e9mentaires profitent de la<br \/>\njourn\u00e9e de la Saint-Valentin pour vous partager <span style=\"color: #993300\"><strong>leur livre jeunesse coup de c\u0153ur d\u2019amour!<\/strong><\/span><\/p>\n<h3>1. Maman comment on fait des b\u00e9b\u00e9s?\u00a0 <strong><em>de Soledad Bravi, L\u2019\u00e9cole des loisirs (2015)<\/em><\/strong><\/h3>\n<figure id=\"attachment_6987\" aria-describedby=\"caption-attachment-6987\" style=\"width: 150px\" class=\"wp-caption alignleft\"><img loading=\"lazy\" decoding=\"async\" class=\"wp-image-6987 size-thumbnail\" src=\"https:\/\/cybersavoir4.cssdm.gouv.qc.ca\/bibliotheque\/wp-content\/uploads\/sites\/2\/2019\/02\/maman_comment_on_fait_bebes-150x150.jpg\" alt=\"\" width=\"150\" height=\"150\" \/><figcaption id=\"caption-attachment-6987\" class=\"wp-caption-text\"><span style=\"font-size: 8pt\">Source SQTD.\u00a0Moins de 6 ans.<\/span><\/figcaption><\/figure>\n<p style=\"padding-left: 30px\"><span style=\"color: #993300\"><strong>Suggestion de Fr\u00e9d\u00e9rick Blais, technicien en documentation<\/strong> <\/span><br \/>\n\u00ab Maman, Papa, comment on fait les b\u00e9b\u00e9s? \u00c0 cette question existentiel<br \/>\nDevenue vieille et malade, c&rsquo;est au tour de la m\u00e8re de se faire chanter la m\u00eame chanson par son fils, avant qu&rsquo;il ne la chante \u00e0 sa fille \u00e0 son tour. [Livres ouverts]<\/p>\n<p>&nbsp;<\/p>\n<h3>2. Je t\u2019aimerai toujours de Robert Munsch, Firefly Books (c1989)<\/h3>\n<figure id=\"attachment_6991\" aria-describedby=\"caption-attachment-6991\" style=\"width: 150px\" class=\"wp-caption alignleft\"><img loading=\"lazy\" decoding=\"async\" class=\"wp-image-6991 size-thumbnail\" src=\"https:\/\/cybersavoir4.cssdm.gouv.qc.ca\/bibliotheque\/wp-content\/uploads\/sites\/2\/2019\/02\/je_taimerais_toujours-150x150.jpg\" alt=\"\" width=\"150\" height=\"150\" srcset=\"https:\/\/cybersavoir4.cssdm.gouv.qc.ca\/bibliotheque\/wp-content\/uploads\/sites\/2\/2019\/02\/je_taimerais_toujours-150x150.jpg 150w, https:\/\/cybersavoir4.cssdm.gouv.qc.ca\/bibliotheque\/wp-content\/uploads\/sites\/2\/2019\/02\/je_taimerais_toujours-300x300.jpg 300w, https:\/\/cybersavoir4.cssdm.gouv.qc.ca\/bibliotheque\/wp-content\/uploads\/sites\/2\/2019\/02\/je_taimerais_toujours.jpg 400w\" sizes=\"auto, (max-width: 150px) 100vw, 150px\" \/><figcaption id=\"caption-attachment-6991\" class=\"wp-caption-text\"><span style=\"font-size: 8pt\">Source SQTD.\u00a0Moins de 6 ans , Enfants de 6 \u00e0 9 ans.<\/span><\/figcaption><\/figure>\n<p><strong><span style=\"color: #993300\">Suggestion de Brigitte Boiteau, biblioth\u00e9caire<\/span><\/strong><br \/>\n\u00ab Tous les soirs, une m\u00e8re chante la m\u00eame ritournelle \u00e0 son b\u00e9b\u00e9. L&rsquo;enfant vieillit. Malgr\u00e9 les mauvais coups du gar\u00e7on, son passage \u00e0 l&rsquo;adolescence et son entr\u00e9e dans la vie adulte, sa m\u00e8re veille sur lui et continue de lui chanter la m\u00eame chanson. Devenue vieille et malade, c&rsquo;est au tour de la m\u00e8re de se faire chanter la m\u00eame<br \/>\nchanson par son fils, avant qu&rsquo;il ne la chante \u00e0 sa fille \u00e0 son tour. \u00bb [Livres ouverts]<\/p>\n<h3>3.\u00a0Thomas, prince professionnel de Val\u00e9rie Fonataine, Fonfon (2011)<\/h3>\n<figure id=\"attachment_6988\" aria-describedby=\"caption-attachment-6988\" style=\"width: 150px\" class=\"wp-caption alignleft\"><img loading=\"lazy\" decoding=\"async\" class=\"wp-image-6988 size-thumbnail\" src=\"https:\/\/cybersavoir4.cssdm.gouv.qc.ca\/bibliotheque\/wp-content\/uploads\/sites\/2\/2019\/02\/thomas_prince_professionnel-150x150.jpg\" alt=\"\" width=\"150\" height=\"150\" \/><figcaption id=\"caption-attachment-6988\" class=\"wp-caption-text\"><span style=\"font-size: 8pt\">Source SQTD.\u00a0Enfants de 6 \u00e0 9 ans.<\/span><\/figcaption><\/figure>\n<p><span style=\"color: #993300\"><strong>Suggestion de Marie-H\u00e9l\u00e8ne Guimont, Conseill\u00e8re p\u00e9dagogique<\/strong><\/span><br \/>\n\u00ab Thomas est un prince professionnel auquel les souverains de part et d&rsquo;autre du continent font appel afin de voler au secours de leurs filles. La raison de sa popularit\u00e9? Il inclut dans ses contrats une clause sp\u00e9ciale dans laquelle il promet de ne jamais chercher \u00e0 gagner le c\u0153ur de la princesse sauv\u00e9e. Bien entendu, pour respecter ses accords, Thomas doit prendre quelques pr\u00e9cautions. D&rsquo;abord, il ne monte jamais sur le m\u00eame cheval que la princesse: il tra\u00eene cette derni\u00e8re dans un petit chariot \u00e0 l&rsquo;arri\u00e8re. Ensuite, il l&#8217;embrasse sur un orteil (c&rsquo;est d&rsquo;ailleurs horrible avec les pieds puants!) plut\u00f4t que sur la bouche. Or, sa vie est chamboul\u00e9e le jour o\u00f9 un roi r\u00e9clame ses services afin de d\u00e9livrer sa fille du terrible sort qui la contraint \u00e0 rigoler sans pouvoir s&rsquo;arr\u00eater. Mais voil\u00e0, le rire de la princesse est vraiment s\u00e9duisant et le prince en tombe follement amoureux. Heureusement, le contrat est bient\u00f4t annul\u00e9. En effet, sa dulcin\u00e9e ne souhaite pas \u00eatre sauv\u00e9e: il est tellement agr\u00e9able de voir la vie en riant! \u00bb [SDM]<\/p>\n<h3>4.\u00a0L\u2019\u00e9cume des jours de Boris Vian, Le livre de poche (2016)<\/h3>\n<figure id=\"attachment_6989\" aria-describedby=\"caption-attachment-6989\" style=\"width: 150px\" class=\"wp-caption alignleft\"><img loading=\"lazy\" decoding=\"async\" class=\"wp-image-6989 size-thumbnail\" src=\"https:\/\/cybersavoir4.cssdm.gouv.qc.ca\/bibliotheque\/wp-content\/uploads\/sites\/2\/2019\/02\/ecume_des_jours-150x150.jpg\" alt=\"\" width=\"150\" height=\"150\" \/><figcaption id=\"caption-attachment-6989\" class=\"wp-caption-text\"><span style=\"font-size: 8pt\">Source SQTD.\u00a0Jeunes de 15 \u00e0 17 ans.<\/span><\/figcaption><\/figure>\n<p><strong><span style=\"color: #993300\">Suggestion d\u2019Heidy Guzman, biblioth\u00e9caire<\/span><\/strong><br \/>\n\u00ab Coline et Chlo\u00e9 vivent une belle histoire d&rsquo;amour. Leur bonheur serait parfait si Chlo\u00e9 n&rsquo;\u00e9tait pas malade, car un n\u00e9nuphar pousse dans son poumon. Colin s&rsquo;\u00e9puise \u00e0 la soigner, mais rien n&rsquo;y fait et l&rsquo;\u00e9tat de la jeune femme s&rsquo;aggrave, si bien que leur maison rapetisse et devient \u00e9touffante. \u00bb [Memento]<\/p>\n<p>&nbsp;<\/p>\n<h3>5.\u00a0L\u2019arbre g\u00e9n\u00e9reux de Shel Silverstein, L\u2019\u00c9cole des loisirs (c1982)<\/h3>\n<figure id=\"attachment_6990\" aria-describedby=\"caption-attachment-6990\" style=\"width: 150px\" class=\"wp-caption alignleft\"><img loading=\"lazy\" decoding=\"async\" class=\"wp-image-6990 size-thumbnail\" src=\"https:\/\/cybersavoir4.cssdm.gouv.qc.ca\/bibliotheque\/wp-content\/uploads\/sites\/2\/2019\/02\/arbre_genereux-150x150.jpg\" alt=\"\" width=\"150\" height=\"150\" \/><figcaption id=\"caption-attachment-6990\" class=\"wp-caption-text\"><span style=\"font-size: 8pt\">Source SQTD.\u00a0Moins de 6 ans , Enfants de 6 \u00e0 9 ans.<\/span><\/figcaption><\/figure>\n<p><strong><span style=\"color: #993300\">Suggestion de Louise Lambert, biblioth\u00e9caire<\/span><\/strong><br \/>\n\u00ab La vie d&rsquo;un arbre et d&rsquo;un homme. L&rsquo;arbre permit au petit gar\u00e7on de jouer dans sa ramure, il lui donna ses fruits pour qu&rsquo;il e\u00fbt de l&rsquo;argent, ses branches pour construire sa maison, son tronc pour faire un bateau et finalement un si\u00e8ge pour reposer ses vieux os. Cette courte histoire d&rsquo;amour, \u00e9crite et illustr\u00e9e avec sobri\u00e9t\u00e9, rend hommage \u00e0 un ami souvent insoup\u00e7onn\u00e9 et g\u00e9n\u00e9reux. \u00bb [SDM]<\/p>\n<p>&nbsp;<\/p>\n<h3>6. Dans mon petit c\u0153ur de Joe Witek, De La Martini\u00e8re jeunesse (2013)<\/h3>\n<figure id=\"attachment_6992\" aria-describedby=\"caption-attachment-6992\" style=\"width: 188px\" class=\"wp-caption alignleft\"><img loading=\"lazy\" decoding=\"async\" class=\"wp-image-6992\" src=\"https:\/\/cybersavoir4.cssdm.gouv.qc.ca\/bibliotheque\/wp-content\/uploads\/sites\/2\/2019\/02\/dans_mon_petit_coeur-150x150.jpg\" alt=\"\" width=\"188\" height=\"188\" \/><figcaption id=\"caption-attachment-6992\" class=\"wp-caption-text\"><span style=\"font-size: 8pt\">Source SQTD. \u00a0Moins de 6 ans. Enfants de 6 \u00e0 9 ans<\/span><\/figcaption><\/figure>\n<p><span style=\"color: #993300\"><strong>Suggestion de Dominique Malchelosse, biblioth\u00e9caire<\/strong><\/span><br \/>\n\u00ab Par le biais de courtes strophes rim\u00e9es, une fillette ouvre aux lecteurs les portes de son coeur, ce \u00ab\u00a0tr\u00e9sor qui change de couleur suivant [s]on humeur\u00a0\u00bb et dans lequel se bousculent les \u00e9clats de joie, les larmes de crocodile, les zestes de frissons nocturnes, le courage sportif et les airs de chansons! Tant\u00f4t brillant comme un soleil \u00e9blouissant qui donne envie de donner des bisous \u00e0 toute la famille, l\u00e9ger comme un flocon qui se pose tout en haut d&rsquo;un sapin, bris\u00e9 d&rsquo;avoir \u00e9t\u00e9 la cible de mots m\u00e9chants ou embras\u00e9 \u00e0 la pens\u00e9e d&rsquo;une surprise annonc\u00e9e, cet organe refl\u00e8te les \u00e9motions rythmant le quotidien de la fillette&#8230; \u00bb [SDM]<\/p>\n<h3>7. Les amoureux du palais de glace de Michel Piquemal, Albin Michel (2017)<\/h3>\n<figure id=\"attachment_6993\" aria-describedby=\"caption-attachment-6993\" style=\"width: 150px\" class=\"wp-caption alignleft\"><img loading=\"lazy\" decoding=\"async\" class=\"wp-image-6993 size-thumbnail\" src=\"https:\/\/cybersavoir4.cssdm.gouv.qc.ca\/bibliotheque\/wp-content\/uploads\/sites\/2\/2019\/02\/amoureux_palais_glace-150x150.jpg\" alt=\"\" width=\"150\" height=\"150\" \/><figcaption id=\"caption-attachment-6993\" class=\"wp-caption-text\"><span style=\"font-size: 8pt\">Source SQTD Enfants 6-9 ans<\/span><\/figcaption><\/figure>\n<p><span style=\"color: #993300\"><strong>Suggestion de Kark Mauboussin, biblioth\u00e9caire<\/strong><\/span><br \/>\n\u00ab Devenue veuve, une reine russe aussi laide que cruelle jette son d\u00e9volu sur un<br \/>\njeune comte beau et noble afin de se remarier. Si la souveraine est convaincue que nul ne peut refuser sa main, elle est stup\u00e9faite lorsque son favori lui apprend qu&rsquo;il reste \u00ab\u00a0froid \u00e0 son d\u00e9sir\u00a0\u00bb, puisqu&rsquo;il est \u00e9perdu d&rsquo;amour pour Milena, une jeune fille de modeste condition, mais dont l&rsquo;\u00e2me est noble et pure. Folle de rage,<\/p>\n","protected":false},"excerpt":{"rendered":"<p>&nbsp; En l\u2019honneur de la Saint-Valentin\u2026 Vos biblioth\u00e9caires scolaires et leurs coll\u00e8gues du Bureau des services \u00e9ducatifs compl\u00e9mentaires partagent avec vous leur livre coup de c\u0153ur\u2026des livres qui r\u00e9chauffent le c\u0153ur! Bonne lecture et Bonne Saint-Valentin!<\/p>\n","protected":false},"author":0,"featured_media":0,"comment_status":"closed","ping_status":"closed","sticky":false,"template":"","format":"standard","meta":{"footnotes":""},"categories":[3],"tags":[121],"class_list":["post-6974","post","type-post","status-publish","format-standard","hentry","category-bibliographies","tag-romans-damour"],"_links":{"self":[{"href":"https:\/\/cybersavoir4.cssdm.gouv.qc.ca\/bibliotheque\/wp-json\/wp\/v2\/posts\/6974","targetHints":{"allow":["GET"]}}],"collection":[{"href":"https:\/\/cybersavoir4.cssdm.gouv.qc.ca\/bibliotheque\/wp-json\/wp\/v2\/posts"}],"about":[{"href":"https:\/\/cybersavoir4.cssdm.gouv.qc.ca\/bibliotheque\/wp-json\/wp\/v2\/types\/post"}],"replies":[{"embeddable":true,"href":"https:\/\/cybersavoir4.cssdm.gouv.qc.ca\/bibliotheque\/wp-json\/wp\/v2\/comments?post=6974"}],"version-history":[{"count":2,"href":"https:\/\/cybersavoir4.cssdm.gouv.qc.ca\/bibliotheque\/wp-json\/wp\/v2\/posts\/6974\/revisions"}],"predecessor-version":[{"id":12231,"href":"https:\/\/cybersavoir4.cssdm.gouv.qc.ca\/bibliotheque\/wp-json\/wp\/v2\/posts\/6974\/revisions\/12231"}],"wp:attachment":[{"href":"https:\/\/cybersavoir4.cssdm.gouv.qc.ca\/bibliotheque\/wp-json\/wp\/v2\/media?parent=6974"}],"wp:term":[{"taxonomy":"category","embeddable":true,"href":"https:\/\/cybersavoir4.cssdm.gouv.qc.ca\/bibliotheque\/wp-json\/wp\/v2\/categories?post=6974"},{"taxonomy":"post_tag","embeddable":true,"href":"https:\/\/cybersavoir4.cssdm.gouv.qc.ca\/bibliotheque\/wp-json\/wp\/v2\/tags?post=6974"}],"curies":[{"name":"wp","href":"https:\/\/api.w.org\/{rel}","templated":true}]}}