{"id":6119,"date":"2018-10-29T15:45:19","date_gmt":"2018-10-29T19:45:19","guid":{"rendered":"https:\/\/cybersavoir4.cssdm.gouv.qc.ca\/bibliotheque\/?p=6119"},"modified":"2018-10-29T15:45:19","modified_gmt":"2018-10-29T19:45:19","slug":"chaque-jour-dracula","status":"publish","type":"post","link":"https:\/\/cybersavoir4.cssdm.gouv.qc.ca\/bibliotheque\/chaque-jour-dracula\/","title":{"rendered":"Chaque jour Dracula"},"content":{"rendered":"<figure id=\"attachment_6120\" aria-describedby=\"caption-attachment-6120\" style=\"width: 177px\" class=\"wp-caption alignleft\"><a href=\"https:\/\/cybersavoir4.cssdm.gouv.qc.ca\/bibliotheque\/wp-content\/uploads\/sites\/2\/2018\/10\/dracula.jpg\"><img loading=\"lazy\" decoding=\"async\" class=\" wp-image-6120\" src=\"https:\/\/cybersavoir4.cssdm.gouv.qc.ca\/bibliotheque\/wp-content\/uploads\/sites\/2\/2018\/10\/dracula-233x300.jpg\" alt=\"\" width=\"177\" height=\"228\" srcset=\"https:\/\/cybersavoir4.cssdm.gouv.qc.ca\/bibliotheque\/wp-content\/uploads\/sites\/2\/2018\/10\/dracula-233x300.jpg 233w, https:\/\/cybersavoir4.cssdm.gouv.qc.ca\/bibliotheque\/wp-content\/uploads\/sites\/2\/2018\/10\/dracula.jpg 400w\" sizes=\"auto, (max-width: 177px) 100vw, 177px\" \/><\/a><figcaption id=\"caption-attachment-6120\" class=\"wp-caption-text\">Reproduction d\u2019image<br \/>autoris\u00e9e par SQTD<\/figcaption><\/figure>\n<p style=\"text-align: justify\">M\u00eame un personnage sombre et effrayant, comme l\u2019illustre Dracula, a eu une petite enfance\u2026 et sans doute des moments de profonde inqui\u00e9tude. Dans cette magnifique bande dessin\u00e9e, notre petit prince des t\u00e9n\u00e8bres a beau \u00eatre un bon \u00e9l\u00e8ve, il est profond\u00e9ment angoiss\u00e9 au point de ne plus vouloir aller \u00e0 l\u2019\u00e9cole. En v\u00e9rit\u00e9, notre petit vampire est victime de harc\u00e8lement scolaire et devra trouver une fa\u00e7on de s\u2019en sortir. Sa solution ne sera pas la meilleure, mais son aventure est malgr\u00e9 tout une tr\u00e8s belle porte ouverte pour aborder ce th\u00e8me d\u2019actualit\u00e9 tristement universel.<!--more--><\/p>\n<p style=\"text-align: justify\">Couch\u00e9 dans son petit cercueil douillait qui lui sert de lit, le petit Dracula est d\u00e9j\u00e0 hant\u00e9 par des songes douloureux qui sont les p\u00e2les reflets des mauvais traitements qu\u2019il subit \u00e0 l\u2019\u00e9cole. Sa principale faute\u2026 il est diff\u00e9rent. Il a des yeux rouge sang et des canines pro\u00e9minentes. Mais surtout, sa peau diaphane est trop fragile\u2026 et l\u2019emp\u00eache de jouer au soleil dans la cour avec les autres \u00e9l\u00e8ves. Un privil\u00e8ge qui ne passe d\u00e9cid\u00e9ment pas. Pour couronner le tout, peut-\u00eatre est-ce ses ascendants aristocratiques, mais il utilise g\u00e9n\u00e9ralement un vocabulaire soutenu. Notre petit vampire serait donc une victime id\u00e9ale et de vilains garnements le martyrisent quotidiennement. Au d\u00e9but, il tente de r\u00e9primer son sentiment. Il se tait et culpabilise. Mais, la douleur est persistante et il finit par en glisser un mot \u00e0 son papa qui lui conseille d\u2019\u00eatre plus intelligent que ses agresseurs. Le lendemain, notre petit vampire d\u00e9cide d\u2019utiliser la m\u00eame m\u00e9decine sur le chef de ses harceleurs et malheureusement, cette nouvelle joute de sarcasmes et d\u2019injures se retourne contre lui. Il est cette fois brutalement humili\u00e9. De retour \u00e0 la maison, son p\u00e8re constate son grand d\u00e9sarroi et lui fait consulter un m\u00e9decin qui r\u00e9v\u00e8le enfin l\u2019\u00e9tat de la situation. Le petit Dracula est victime de harc\u00e8lement scolaire. Profond\u00e9ment d\u00e9\u00e7u de ne pas avoir per\u00e7u l\u2019ampleur du probl\u00e8me, son papa tentera de le rassurer et de redonner confiance \u00e0 son petit vampire en lui expliquant que c\u2019est bien sa diff\u00e9rence qui pourrait \u00eatre sa force. Son p\u00e8re ira aussi voir l\u2019enseignante de son fils pour qu\u2019elle soit au fait du probl\u00e8me. Toutefois, celle-ci n\u2019aura pas le temps d\u2019agir, car le jour suivant, notre petit vampire r\u00e9ussira \u00e0 faire peur \u00e0 ses agresseurs. Mais, une question demeure, le petit Dracula a-t-il vraiment pos\u00e9 le geste le plus appropri\u00e9 pour la situation? Doit-on r\u00e9pondre \u00e0 une menace par la menace ?<\/p>\n<p style=\"text-align: justify\">Une tr\u00e8s belle bande dessin\u00e9e qui gr\u00e2ce \u00e0 la m\u00e9diation d\u2019un adulte peut ais\u00e9ment servir de point de d\u00e9part pour aborder le harc\u00e8lement scolaire. Il existe d\u2018ailleurs passablement d\u2019information et m\u00eame des formations sur ce th\u00e8me sur le site du minist\u00e8re de l\u2019\u00c9ducation et de l\u2019Enseignement sup\u00e9rieur (<a href=\"http:\/\/www.education.gouv.qc.ca\/dossiers-thematiques\/intimidation-et-violence-a-lecole\">http:\/\/www.education.gouv.qc.ca\/dossiers-thematiques\/intimidation-et-violence-a-lecole<\/a>). De plus, une lecture interactive est tout \u00e0 fait envisageable, car chacun peu r\u00e9fl\u00e9chir et d\u00e9battre sur la fa\u00e7on d\u2019aborder la situation (comment agir, qu\u2019aurait-on fait \u00e0 sa place ?). Notons que le texte est parfois un peu recherch\u00e9, mais\u2026 doit-on avoir honte d\u2019enrichir son vocabulaire ?<\/p>\n<p style=\"text-align: right\">Damien Thornton, biblioth\u00e9caire<\/p>\n<p><strong>R\u00e9f\u00e9rence :<\/strong>\u00a0<em>Chaque jour Dracula <\/em>\/ cr\u00e9\u00e9 par Lo\u00efc Cl\u00e9ment et Cl\u00e9ment Lef\u00e8vre, \u00c9ditions Delcourt, 2018, 33 pages, ISBN : 9782413001669.<\/p>\n<p>Mots cl\u00e9s\u00a0: 2<sup>e<\/sup> cycle du primaire, Bandes dessin\u00e9es, harc\u00e8lement scolaire, Dracula.<\/p>\n","protected":false},"excerpt":{"rendered":"<p>M\u00eame un personnage sombre et effrayant, comme l\u2019illustre Dracula, a eu une petite enfance\u2026 et sans doute des moments de profonde inqui\u00e9tude. Dans cette magnifique bande dessin\u00e9e, notre petit prince des t\u00e9n\u00e8bres a beau \u00eatre un bon \u00e9l\u00e8ve, il est profond\u00e9ment angoiss\u00e9 au point de ne plus vouloir aller \u00e0 l\u2019\u00e9cole. En v\u00e9rit\u00e9, notre petit [&hellip;]<\/p>\n","protected":false},"author":0,"featured_media":0,"comment_status":"open","ping_status":"open","sticky":false,"template":"","format":"standard","meta":{"footnotes":""},"categories":[9],"tags":[42,31,180,181],"class_list":["post-6119","post","type-post","status-publish","format-standard","hentry","category-coups-de-coeur","tag-2e-cycle-du-primaire","tag-bande-dessinee","tag-dracula","tag-harcelement-scolaire"],"_links":{"self":[{"href":"https:\/\/cybersavoir4.cssdm.gouv.qc.ca\/bibliotheque\/wp-json\/wp\/v2\/posts\/6119","targetHints":{"allow":["GET"]}}],"collection":[{"href":"https:\/\/cybersavoir4.cssdm.gouv.qc.ca\/bibliotheque\/wp-json\/wp\/v2\/posts"}],"about":[{"href":"https:\/\/cybersavoir4.cssdm.gouv.qc.ca\/bibliotheque\/wp-json\/wp\/v2\/types\/post"}],"replies":[{"embeddable":true,"href":"https:\/\/cybersavoir4.cssdm.gouv.qc.ca\/bibliotheque\/wp-json\/wp\/v2\/comments?post=6119"}],"version-history":[{"count":0,"href":"https:\/\/cybersavoir4.cssdm.gouv.qc.ca\/bibliotheque\/wp-json\/wp\/v2\/posts\/6119\/revisions"}],"wp:attachment":[{"href":"https:\/\/cybersavoir4.cssdm.gouv.qc.ca\/bibliotheque\/wp-json\/wp\/v2\/media?parent=6119"}],"wp:term":[{"taxonomy":"category","embeddable":true,"href":"https:\/\/cybersavoir4.cssdm.gouv.qc.ca\/bibliotheque\/wp-json\/wp\/v2\/categories?post=6119"},{"taxonomy":"post_tag","embeddable":true,"href":"https:\/\/cybersavoir4.cssdm.gouv.qc.ca\/bibliotheque\/wp-json\/wp\/v2\/tags?post=6119"}],"curies":[{"name":"wp","href":"https:\/\/api.w.org\/{rel}","templated":true}]}}