{"id":5576,"date":"2018-08-09T11:27:43","date_gmt":"2018-08-09T15:27:43","guid":{"rendered":"https:\/\/cybersavoir4.cssdm.gouv.qc.ca\/bibliotheque\/?page_id=5576"},"modified":"2025-03-24T20:34:03","modified_gmt":"2025-03-24T19:34:03","slug":"prix-litteraires","status":"publish","type":"post","link":"https:\/\/cybersavoir4.cssdm.gouv.qc.ca\/bibliotheque\/prix-litteraires\/","title":{"rendered":"Prix litt\u00e9raires pour la jeunesse"},"content":{"rendered":"<div><a href=\"https:\/\/cybersavoir4.cssdm.gouv.qc.ca\/bibliotheque\/wp-content\/uploads\/sites\/2\/2022\/08\/prix_litteraires_jeunesse.jpg\"><img loading=\"lazy\" decoding=\"async\" class=\"size-medium wp-image-10551 alignleft\" src=\"https:\/\/cybersavoir4.cssdm.gouv.qc.ca\/bibliotheque\/wp-content\/uploads\/sites\/2\/2022\/08\/prix_litteraires_jeunesse-300x200.jpg\" alt=\"\" width=\"300\" height=\"200\" srcset=\"https:\/\/cybersavoir4.cssdm.gouv.qc.ca\/bibliotheque\/wp-content\/uploads\/sites\/2\/2022\/08\/prix_litteraires_jeunesse-300x200.jpg 300w, https:\/\/cybersavoir4.cssdm.gouv.qc.ca\/bibliotheque\/wp-content\/uploads\/sites\/2\/2022\/08\/prix_litteraires_jeunesse-1024x683.jpg 1024w, https:\/\/cybersavoir4.cssdm.gouv.qc.ca\/bibliotheque\/wp-content\/uploads\/sites\/2\/2022\/08\/prix_litteraires_jeunesse-768x512.jpg 768w, https:\/\/cybersavoir4.cssdm.gouv.qc.ca\/bibliotheque\/wp-content\/uploads\/sites\/2\/2022\/08\/prix_litteraires_jeunesse.jpg 1280w\" sizes=\"auto, (max-width: 300px) 100vw, 300px\" \/><\/a>Voici les meilleures prix litt\u00e9raires pour la jeunesse. Cette liste vous permettra de consulter des \u0153uvres \u00e9clatantes et vibrantes.<\/div>\n<div><\/div>\n<div>La meilleure source d&rsquo;inspiration pour vos lectures !<\/div>\n<div><\/div>\n<div><\/div>\n<div><\/div>\n<div><\/div>\n<div><\/div>\n<div><\/div>\n<div><\/div>\n<div><\/div>\n<div><\/div>\n<div><\/div>\n<div><\/div>\n<div><\/div>\n<p><!--more--><\/p>\n<div><\/div>\n<div><a href=\"http:\/\/asted.org\/?page_id=410\"><span style=\"color: #3366ff\">Prix Alvine-B\u00e9lisle<\/span><\/a><\/div>\n<p>Remis par l\u2019Association pour l\u2019avancement des sciences et des techniques de la documentation (ASTED) pour souligner l&rsquo;excellence de la litt\u00e9rature jeunesse canadienne fran\u00e7aise pour les 0 \u00e0 17 ans.<\/p>\n<div><a href=\"http:\/\/www.promo9a.org\/prix-bedelys\"><span style=\"color: #3366ff\">Prix B\u00e9d\u00e9lys<\/span><\/a><\/div>\n<p>Remis par la Ville de Montr\u00e9al \u00e0 l&rsquo;auteur de la meilleure bande dessin\u00e9e pour les jeunes de 7 \u00e0 12 ans.<\/p>\n<div><a href=\"http:\/\/aeqj.ca\/laureats-prix-cecile-gagnon-2017\/\"><span style=\"color: #3366ff\">Prix C\u00e9cile-Gagnon<\/span><\/a><\/div>\n<p>Remis par l\u2019Association des \u00e9crivains qu\u00e9b\u00e9cois pour la jeunesse (A\u00c9QJ) \u00e0 deux auteurs de la rel\u00e8ve pour une premi\u00e8re publication dans les cat\u00e9gories Album et Roman.<\/p>\n<div><a href=\"http:\/\/apsds.org\/?page_id=8077\"><span style=\"color: #3366ff\">Prix Espi\u00e8gle<\/span><\/a><\/div>\n<p>Remis par l&rsquo;Association pour la promotion des services documentaires scolaires (APSDS) \u00e0 deux auteurs afin de c\u00e9l\u00e9brer l&rsquo;audace et la grande qualit\u00e9 litt\u00e9raire de leurs livres pour les \u00e9l\u00e8ves du primaire, 5 \u00e0 11 ans et du secondaire, 12 \u00e0 17 ans.<\/p>\n<ul>\n<li><a href=\"https:\/\/revue.leslibraires.ca\/actualites\/les-prix-litteraires\/les-laureates-du-prix-espiegle-2020\/\">laur\u00e9ats 2020<\/a><\/li>\n<li><a href=\"https:\/\/revue.leslibraires.ca\/actualites\/les-prix-litteraires\/les-laureats-du-prix-espiegle-2019\/\">Laur\u00e9ats 2019<\/a><\/li>\n<li><span style=\"color: #3366ff\"><a style=\"color: #3366ff\" href=\"http:\/\/apsds.org\/?p=8645\" target=\"_blank\" rel=\"noopener\">Laur\u00e9ats 2018 <\/a><\/span><\/li>\n<li><a href=\"http:\/\/apsds.org\/?p=8268\" target=\"_blank\" rel=\"noopener\"><span style=\"color: #3366ff\">Laur\u00e9ats 2017<\/span><\/a><\/li>\n<\/ul>\n<div><a href=\"https:\/\/www.alq.qc.ca\/projets-en-cours\/prix-des-libraires\/\"><span style=\"color: #3366ff\">Prix des libraires du Qu\u00e9bec<\/span><\/a><\/div>\n<p>Remis par l&rsquo;Association des libraires du Qu\u00e9bec (ALQ) dans 6 cat\u00e9gories pour la jeunesse :<\/p>\n<ul>\n<li>Qu\u00e9bec &#8211; 0-5 ans<\/li>\n<li>Hors Qu\u00e9bec &#8211; 0-5 ans<\/li>\n<li>Qu\u00e9bec &#8211; 6-11 ans<\/li>\n<li>Hors-Qu\u00e9bec 6- 11 ans<\/li>\n<li>Qu\u00e9bec &#8211; 12-17 ans<\/li>\n<li>Hors Qu\u00e9bec &#8211; 12-17 ans<\/li>\n<\/ul>\n<div><a href=\"http:\/\/ville.montreal.qc.ca\/portal\/page?_pageid=4276,5538447&amp;_dad=portal&amp;_schema=PORTAL\" target=\"_blank\" rel=\"noopener\"><span style=\"color: #3366ff\">Prix du livre jeunesse des Biblioth\u00e8ques de Montr\u00e9al<\/span><\/a><\/div>\n<p>Remis par les Biblioth\u00e8ques de la Ville de Montr\u00e9al \u00e0 l&rsquo;auteur d&rsquo;une publication montr\u00e9alaise pour la jeunesse.<\/p>\n<div><span style=\"color: #3366ff\"><a style=\"color: #3366ff\" href=\"http:\/\/www.grandprixsffq.ca\/2008\/index.php?option=com_content&amp;task=view&amp;id=17&amp;Itemid=17\" target=\"_blank\" rel=\"noopener\">Prix jeunesse des univers parall\u00e8les<\/a><\/span><\/div>\n<p>Remis lors du Salon international du livre de Qu\u00e9bec \u00e0 un auteur qu\u00e9b\u00e9cois d&rsquo;une \u0153uvre de science-fiction, de fantastique ou de fantasy s&rsquo;adressant aux \u00e9l\u00e8ves du secondaire.<\/p>\n<div><span style=\"color: #3366ff\"><a style=\"color: #3366ff\" href=\"http:\/\/anel.qc.ca\/ledition-au-quebec\/prix-litteraires\/\" target=\"_blank\" rel=\"noopener\">Prix litt\u00e9raires des enseignants de fran\u00e7ais &#8211; AQPF-ANEL<\/a><\/span><\/div>\n<p>Remis par l&rsquo;Association qu\u00e9becoise des professeurs de fran\u00e7ais\u00a0 (AQPF) conjointement\u00a0 avec l&rsquo;Association nationale des \u00e9diteurs de livres (ANEL) dans 5 cat\u00e9gories :<\/p>\n<ul>\n<li>Album 5 \u00e0 8 ans<\/li>\n<li>Roman 9 \u00e0 12 ans<\/li>\n<li>Roman 13 ans et plus<\/li>\n<li>Po\u00e9sie<\/li>\n<li>Nouvelles<\/li>\n<\/ul>\n<div><span style=\"color: #3366ff\"><a style=\"color: #3366ff\" href=\"https:\/\/livresgg.ca\/#gagnants\" target=\"_blank\" rel=\"noopener\">Prix litt\u00e9raires du Gouverneur g\u00e9n\u00e9ral<\/a><\/span><\/div>\n<p>Remis par le Conseil des arts du Canada au meilleur texte et au meilleur livre illustr\u00e9 pour la jeunesse.<\/p>\n<div><span style=\"color: #3366ff\"><a style=\"color: #3366ff\" href=\"http:\/\/www.prix-qwb-litteraturejeunesse.org\/index.html\" target=\"_blank\" rel=\"noopener\">Prix Qu\u00e9bec\/Wallonie-Bruxelles de litt\u00e9rature de jeunesse<\/a><\/span><\/div>\n<p>Remis \u00e0 tous les deux ans simultan\u00e9ment \u00e0 un auteur ou un illustrateur du Qu\u00e9bec et de la communaut\u00e9 fran\u00e7aise de Belgique<\/p>\n<div><a href=\"http:\/\/www.abf.asso.fr\/4\/25\/13\/ABF\/le-prix-sorcieres-pourquoi-comment-et-son-histoire-\"><span style=\"color: #3366ff\">Prix Sorci\u00e8res<\/span><\/a><\/div>\n<p>Remis par l&rsquo;Association des biblioth\u00e9caire de France en collaboration avec l&rsquo;Association des librairies sp\u00e9cialis\u00e9es jeunesse.<\/p>\n<div><a href=\"https:\/\/www.lecturetd.com\/daccueil\/initiatives-soutenues-par-la-td\/prix-td-de-litterature-pour-lenfance-et-la-jeunesse\/\"><span style=\"color: #3366ff\">Prix TD de litt\u00e9rature jeunesse canadienne<\/span><\/a><\/div>\n<p>Administr\u00e9s par le Centre canadien du livre jeunesse et remis \u00e0 un auteur et \u00e0 un illustrateur canadien pour des \u0153uvres s&rsquo;adressant aux enfants de 0 \u00e0 12 ans.<\/p>\n<p>&nbsp;<\/p>\n<p>&nbsp;<\/p>\n","protected":false},"excerpt":{"rendered":"<p>Voici les meilleures prix litt\u00e9raires pour la jeunesse. Cette liste vous permettra de consulter des \u0153uvres \u00e9clatantes et vibrantes. La meilleure source d&rsquo;inspiration pour vos lectures !<\/p>\n","protected":false},"author":0,"featured_media":1,"comment_status":"closed","ping_status":"closed","sticky":false,"template":"","format":"standard","meta":{"footnotes":""},"categories":[3],"tags":[],"class_list":["post-5576","post","type-post","status-publish","format-standard","has-post-thumbnail","hentry","category-bibliographies"],"_links":{"self":[{"href":"https:\/\/cybersavoir4.cssdm.gouv.qc.ca\/bibliotheque\/wp-json\/wp\/v2\/posts\/5576","targetHints":{"allow":["GET"]}}],"collection":[{"href":"https:\/\/cybersavoir4.cssdm.gouv.qc.ca\/bibliotheque\/wp-json\/wp\/v2\/posts"}],"about":[{"href":"https:\/\/cybersavoir4.cssdm.gouv.qc.ca\/bibliotheque\/wp-json\/wp\/v2\/types\/post"}],"replies":[{"embeddable":true,"href":"https:\/\/cybersavoir4.cssdm.gouv.qc.ca\/bibliotheque\/wp-json\/wp\/v2\/comments?post=5576"}],"version-history":[{"count":2,"href":"https:\/\/cybersavoir4.cssdm.gouv.qc.ca\/bibliotheque\/wp-json\/wp\/v2\/posts\/5576\/revisions"}],"predecessor-version":[{"id":12540,"href":"https:\/\/cybersavoir4.cssdm.gouv.qc.ca\/bibliotheque\/wp-json\/wp\/v2\/posts\/5576\/revisions\/12540"}],"wp:featuredmedia":[{"embeddable":true,"href":"https:\/\/cybersavoir4.cssdm.gouv.qc.ca\/bibliotheque\/wp-json\/"}],"wp:attachment":[{"href":"https:\/\/cybersavoir4.cssdm.gouv.qc.ca\/bibliotheque\/wp-json\/wp\/v2\/media?parent=5576"}],"wp:term":[{"taxonomy":"category","embeddable":true,"href":"https:\/\/cybersavoir4.cssdm.gouv.qc.ca\/bibliotheque\/wp-json\/wp\/v2\/categories?post=5576"},{"taxonomy":"post_tag","embeddable":true,"href":"https:\/\/cybersavoir4.cssdm.gouv.qc.ca\/bibliotheque\/wp-json\/wp\/v2\/tags?post=5576"}],"curies":[{"name":"wp","href":"https:\/\/api.w.org\/{rel}","templated":true}]}}