{"id":5200,"date":"2018-03-08T11:19:55","date_gmt":"2018-03-08T16:19:55","guid":{"rendered":"https:\/\/cybersavoir4.cssdm.gouv.qc.ca\/bibliotheque\/?p=5200"},"modified":"2025-03-24T20:33:31","modified_gmt":"2025-03-24T19:33:31","slug":"finalistes-du-prix-espiegle","status":"publish","type":"post","link":"https:\/\/cybersavoir4.cssdm.gouv.qc.ca\/bibliotheque\/finalistes-du-prix-espiegle\/","title":{"rendered":"Finalistes du prix Espi\u00e8gle 2018"},"content":{"rendered":"<p><img loading=\"lazy\" decoding=\"async\" class=\"alignleft size-medium wp-image-5204\" src=\"https:\/\/cybersavoir4.cssdm.gouv.qc.ca\/bibliotheque\/wp-content\/uploads\/sites\/2\/2018\/03\/Capture-Espiegle-201x300.jpg\" alt=\"\" width=\"201\" height=\"300\" srcset=\"https:\/\/cybersavoir4.cssdm.gouv.qc.ca\/bibliotheque\/wp-content\/uploads\/sites\/2\/2018\/03\/Capture-Espiegle-201x300.jpg 201w, https:\/\/cybersavoir4.cssdm.gouv.qc.ca\/bibliotheque\/wp-content\/uploads\/sites\/2\/2018\/03\/Capture-Espiegle.jpg 430w\" sizes=\"auto, (max-width: 201px) 100vw, 201px\" \/>L\u2019<a href=\"http:\/\/apsds.org\/\" target=\"_blank\" rel=\"noopener\">Association pour la promotion des services documentaires scolaires<\/a> (APSDS) d\u00e9voile les finalistes de la deuxi\u00e8me \u00e9dition du Prix Espi\u00e8gle, le prix des biblioth\u00e8ques scolaires du Qu\u00e9bec.<\/p>\n<p>Le Prix Espi\u00e8gle met en vedette des livres audacieux, malicieux et qui osent, dont le sujet d\u00e9range et d\u00e9stabilise.<\/p>\n<p>Consultez le\u00a0<a href=\"https:\/\/cybersavoir4.cssdm.gouv.qc.ca\/bibliotheque\/wp-content\/uploads\/sites\/2\/2018\/03\/Communique-de-presse-finalistes.pdf\" target=\"_blank\" rel=\"noopener\">communiqu\u00e9 de presse<\/a> et l&rsquo;<a href=\"https:\/\/cybersavoir4.cssdm.gouv.qc.ca\/bibliotheque\/wp-content\/uploads\/sites\/2\/2018\/03\/Affiche-Prix-Espiegle-2018.pdf\" target=\"_blank\" rel=\"noopener\">affiche<\/a> des finalistes.<\/p>\n<p>&nbsp;<\/p>\n","protected":false},"excerpt":{"rendered":"<p>L\u2019Association pour la promotion des services documentaires scolaires (APSDS) d\u00e9voile les finalistes de la deuxi\u00e8me \u00e9dition du Prix Espi\u00e8gle, le prix des biblioth\u00e8ques scolaires du Qu\u00e9bec. Le Prix Espi\u00e8gle met en vedette des livres audacieux, malicieux et qui osent, dont le sujet d\u00e9range et d\u00e9stabilise. Consultez le\u00a0communiqu\u00e9 de presse et l&rsquo;affiche des finalistes. &nbsp;<\/p>\n","protected":false},"author":0,"featured_media":1,"comment_status":"open","ping_status":"open","sticky":false,"template":"","format":"standard","meta":{"footnotes":""},"categories":[3],"tags":[],"class_list":["post-5200","post","type-post","status-publish","format-standard","has-post-thumbnail","hentry","category-bibliographies"],"_links":{"self":[{"href":"https:\/\/cybersavoir4.cssdm.gouv.qc.ca\/bibliotheque\/wp-json\/wp\/v2\/posts\/5200","targetHints":{"allow":["GET"]}}],"collection":[{"href":"https:\/\/cybersavoir4.cssdm.gouv.qc.ca\/bibliotheque\/wp-json\/wp\/v2\/posts"}],"about":[{"href":"https:\/\/cybersavoir4.cssdm.gouv.qc.ca\/bibliotheque\/wp-json\/wp\/v2\/types\/post"}],"replies":[{"embeddable":true,"href":"https:\/\/cybersavoir4.cssdm.gouv.qc.ca\/bibliotheque\/wp-json\/wp\/v2\/comments?post=5200"}],"version-history":[{"count":2,"href":"https:\/\/cybersavoir4.cssdm.gouv.qc.ca\/bibliotheque\/wp-json\/wp\/v2\/posts\/5200\/revisions"}],"predecessor-version":[{"id":12538,"href":"https:\/\/cybersavoir4.cssdm.gouv.qc.ca\/bibliotheque\/wp-json\/wp\/v2\/posts\/5200\/revisions\/12538"}],"wp:featuredmedia":[{"embeddable":true,"href":"https:\/\/cybersavoir4.cssdm.gouv.qc.ca\/bibliotheque\/wp-json\/"}],"wp:attachment":[{"href":"https:\/\/cybersavoir4.cssdm.gouv.qc.ca\/bibliotheque\/wp-json\/wp\/v2\/media?parent=5200"}],"wp:term":[{"taxonomy":"category","embeddable":true,"href":"https:\/\/cybersavoir4.cssdm.gouv.qc.ca\/bibliotheque\/wp-json\/wp\/v2\/categories?post=5200"},{"taxonomy":"post_tag","embeddable":true,"href":"https:\/\/cybersavoir4.cssdm.gouv.qc.ca\/bibliotheque\/wp-json\/wp\/v2\/tags?post=5200"}],"curies":[{"name":"wp","href":"https:\/\/api.w.org\/{rel}","templated":true}]}}