{"id":4815,"date":"2018-02-26T08:00:31","date_gmt":"2018-02-26T13:00:31","guid":{"rendered":"https:\/\/cybersavoir4.cssdm.gouv.qc.ca\/bibliotheque\/?p=4815"},"modified":"2025-03-24T20:32:53","modified_gmt":"2025-03-24T19:32:53","slug":"les-saisons-de-montreal","status":"publish","type":"post","link":"https:\/\/cybersavoir4.cssdm.gouv.qc.ca\/bibliotheque\/les-saisons-de-montreal\/","title":{"rendered":"Les saisons de Montr\u00e9al"},"content":{"rendered":"<figure id=\"attachment_4816\" aria-describedby=\"caption-attachment-4816\" style=\"width: 196px\" class=\"wp-caption alignleft\"><a href=\"https:\/\/cybersavoir4.cssdm.gouv.qc.ca\/bibliotheque\/wp-content\/uploads\/sites\/2\/2018\/02\/Les-saisons-de-Montreal.jpg\"><img loading=\"lazy\" decoding=\"async\" class=\"wp-image-4816\" src=\"https:\/\/cybersavoir4.cssdm.gouv.qc.ca\/bibliotheque\/wp-content\/uploads\/sites\/2\/2018\/02\/Les-saisons-de-Montreal.jpg\" alt=\"\" width=\"196\" height=\"258\" srcset=\"https:\/\/cybersavoir4.cssdm.gouv.qc.ca\/bibliotheque\/wp-content\/uploads\/sites\/2\/2018\/02\/Les-saisons-de-Montreal.jpg 395w, https:\/\/cybersavoir4.cssdm.gouv.qc.ca\/bibliotheque\/wp-content\/uploads\/sites\/2\/2018\/02\/Les-saisons-de-Montreal-227x300.jpg 227w\" sizes=\"auto, (max-width: 196px) 100vw, 196px\" \/><\/a><figcaption id=\"caption-attachment-4816\" class=\"wp-caption-text\">Reproduction d\u2019image autoris\u00e9e par SQTD.<\/figcaption><\/figure>\n<p style=\"text-align: justify\">Cet album nous invite \u00e0 d\u00e9couvrir Montr\u00e9al \u00e0 travers \u00ab\u00a0ses rues, ses quartiers, ses rites et ses coutumes au rythme des saisons qui la transforment\u00a0\u00bb. De courts textes nous donnent quelques informations sur les diff\u00e9rents quartiers. On y apprend que le \u00ab\u00a0parc du mont Royal fut am\u00e9nag\u00e9 par le m\u00eame paysagiste que le Central Park de New-York\u00a0\u00bb ou encore que les cloches de l\u2019Oratoire \u00e9taient initialement \u00ab\u00a0fabriqu\u00e9es pour la tour Eiffel de Paris\u00a0\u00bb.<!--more--><\/p>\n<p style=\"text-align: justify\"><em>Les saisons de Montr\u00e9al <\/em>offre plusieurs clich\u00e9s des diff\u00e9rents quartiers de la deuxi\u00e8me plus grande ville du Canada. Les illustrations, tr\u00e8s color\u00e9es, occupent pleinement les pages de l\u2019album. L\u2019album nous balade dans la m\u00e9tropole montr\u00e9alaise et nous r\u00e9v\u00e8le une ville cosmopolite aux multiples quartiers qui changent, s\u2019animent et se diversifient au fil des saisons.<\/p>\n<p style=\"text-align: justify\">Cet album devrait plaire \u00e0 tous et particuli\u00e8rement aux Montr\u00e9alais, petits et grands.<\/p>\n<p>&nbsp;<\/p>\n<p style=\"text-align: right\">Karl Mauboussin, biblioth\u00e9caire<\/p>\n<p style=\"text-align: justify\">R\u00e9f\u00e9rence :\u00a0<strong><em>Les saisons de Montr\u00e9al<\/em><\/strong> \/ Rapha\u00eblle Barban\u00e8gre, \u00c9dition La Past\u00e8que, 2017, non pagin\u00e9s, ISBN : 9782897770242.<\/p>\n","protected":false},"excerpt":{"rendered":"<p>Cet album nous invite \u00e0 d\u00e9couvrir Montr\u00e9al \u00e0 travers \u00ab\u00a0ses rues, ses quartiers, ses rites et ses coutumes au rythme des saisons qui la transforment\u00a0\u00bb. De courts textes nous donnent quelques informations sur les diff\u00e9rents quartiers. On y apprend que le \u00ab\u00a0parc du mont Royal fut am\u00e9nag\u00e9 par le m\u00eame paysagiste que le Central Park [&hellip;]<\/p>\n","protected":false},"author":0,"featured_media":0,"comment_status":"open","ping_status":"open","sticky":false,"template":"","format":"standard","meta":{"footnotes":""},"categories":[9],"tags":[42,83,159,160],"class_list":["post-4815","post","type-post","status-publish","format-standard","hentry","category-coups-de-coeur","tag-2e-cycle-du-primaire","tag-montreal","tag-saisons","tag-villes"],"_links":{"self":[{"href":"https:\/\/cybersavoir4.cssdm.gouv.qc.ca\/bibliotheque\/wp-json\/wp\/v2\/posts\/4815","targetHints":{"allow":["GET"]}}],"collection":[{"href":"https:\/\/cybersavoir4.cssdm.gouv.qc.ca\/bibliotheque\/wp-json\/wp\/v2\/posts"}],"about":[{"href":"https:\/\/cybersavoir4.cssdm.gouv.qc.ca\/bibliotheque\/wp-json\/wp\/v2\/types\/post"}],"replies":[{"embeddable":true,"href":"https:\/\/cybersavoir4.cssdm.gouv.qc.ca\/bibliotheque\/wp-json\/wp\/v2\/comments?post=4815"}],"version-history":[{"count":2,"href":"https:\/\/cybersavoir4.cssdm.gouv.qc.ca\/bibliotheque\/wp-json\/wp\/v2\/posts\/4815\/revisions"}],"predecessor-version":[{"id":12534,"href":"https:\/\/cybersavoir4.cssdm.gouv.qc.ca\/bibliotheque\/wp-json\/wp\/v2\/posts\/4815\/revisions\/12534"}],"wp:attachment":[{"href":"https:\/\/cybersavoir4.cssdm.gouv.qc.ca\/bibliotheque\/wp-json\/wp\/v2\/media?parent=4815"}],"wp:term":[{"taxonomy":"category","embeddable":true,"href":"https:\/\/cybersavoir4.cssdm.gouv.qc.ca\/bibliotheque\/wp-json\/wp\/v2\/categories?post=4815"},{"taxonomy":"post_tag","embeddable":true,"href":"https:\/\/cybersavoir4.cssdm.gouv.qc.ca\/bibliotheque\/wp-json\/wp\/v2\/tags?post=4815"}],"curies":[{"name":"wp","href":"https:\/\/api.w.org\/{rel}","templated":true}]}}