{"id":4274,"date":"2017-09-27T14:01:22","date_gmt":"2017-09-27T18:01:22","guid":{"rendered":"https:\/\/cybersavoir4.cssdm.gouv.qc.ca\/bibliotheque\/?p=4274"},"modified":"2017-09-27T14:01:22","modified_gmt":"2017-09-27T18:01:22","slug":"la-semaine-lis-avec-moi","status":"publish","type":"post","link":"https:\/\/cybersavoir4.cssdm.gouv.qc.ca\/bibliotheque\/la-semaine-lis-avec-moi\/","title":{"rendered":"La semaine Lis avec moi!"},"content":{"rendered":"<p>Du 1er au 8 octobre 2017, c&rsquo;est la semaine <em>Lis avec moi<\/em>!<\/p>\n<p><em>\u00ab\u00a0La semaine Lis avec moi est un mouvement national\u00a0qui se d\u00e9roule\u00a0<span class=\"bold\">dans les \u00e9coles, les biblioth\u00e8ques et les librairies<\/span>\u00a0pendant\u00a0lequel la population qu\u00e9b\u00e9coise est invit\u00e9e \u00e0 s\u2019offrir un moment de bonheur\u00a0en partageant une lecture avec des\u00a0<span class=\"bold\">jeunes de 0 \u00e0 12 ans.\u00a0\u00bb\u00a0 <\/span><\/em><span style=\"font-size: 8pt\"><strong><span class=\"bold\">(extrait du site <\/span><span class=\"bold\"><a href=\"http:\/\/lisavecmoi.com\/\" target=\"_blank\" rel=\"noopener noreferrer\">lisavecmoi.com<\/a>)<\/span><\/strong><\/span><\/p>\n<p>Pour conna\u00eetre la programmation, les concours et des suggestions d&rsquo;activit\u00e9s\u00a0\u00e0 faire en classe, consultez :\u00a0<a href=\"http:\/\/lisavecmoi.com\/semaine-lis-avec-moi\/\" target=\"_blank\" rel=\"noopener noreferrer\">http:\/\/lisavecmoi.com\/semaine-lis-avec-moi\/<\/a>.<\/p>\n<p>Une fa\u00e7on simple de valoriser le plaisir de lire!<\/p>\n","protected":false},"excerpt":{"rendered":"<p>Du 1er au 8 octobre 2017, c&rsquo;est la semaine Lis avec moi! \u00ab\u00a0La semaine Lis avec moi est un mouvement national\u00a0qui se d\u00e9roule\u00a0dans les \u00e9coles, les biblioth\u00e8ques et les librairies\u00a0pendant\u00a0lequel la population qu\u00e9b\u00e9coise est invit\u00e9e \u00e0 s\u2019offrir un moment de bonheur\u00a0en partageant une lecture avec des\u00a0jeunes de 0 \u00e0 12 ans.\u00a0\u00bb\u00a0 (extrait du site lisavecmoi.com) [&hellip;]<\/p>\n","protected":false},"author":0,"featured_media":1,"comment_status":"open","ping_status":"open","sticky":false,"template":"","format":"standard","meta":{"footnotes":""},"categories":[14],"tags":[],"class_list":["post-4274","post","type-post","status-publish","format-standard","has-post-thumbnail","hentry","category-nouvelle"],"_links":{"self":[{"href":"https:\/\/cybersavoir4.cssdm.gouv.qc.ca\/bibliotheque\/wp-json\/wp\/v2\/posts\/4274","targetHints":{"allow":["GET"]}}],"collection":[{"href":"https:\/\/cybersavoir4.cssdm.gouv.qc.ca\/bibliotheque\/wp-json\/wp\/v2\/posts"}],"about":[{"href":"https:\/\/cybersavoir4.cssdm.gouv.qc.ca\/bibliotheque\/wp-json\/wp\/v2\/types\/post"}],"replies":[{"embeddable":true,"href":"https:\/\/cybersavoir4.cssdm.gouv.qc.ca\/bibliotheque\/wp-json\/wp\/v2\/comments?post=4274"}],"version-history":[{"count":0,"href":"https:\/\/cybersavoir4.cssdm.gouv.qc.ca\/bibliotheque\/wp-json\/wp\/v2\/posts\/4274\/revisions"}],"wp:featuredmedia":[{"embeddable":true,"href":"https:\/\/cybersavoir4.cssdm.gouv.qc.ca\/bibliotheque\/wp-json\/"}],"wp:attachment":[{"href":"https:\/\/cybersavoir4.cssdm.gouv.qc.ca\/bibliotheque\/wp-json\/wp\/v2\/media?parent=4274"}],"wp:term":[{"taxonomy":"category","embeddable":true,"href":"https:\/\/cybersavoir4.cssdm.gouv.qc.ca\/bibliotheque\/wp-json\/wp\/v2\/categories?post=4274"},{"taxonomy":"post_tag","embeddable":true,"href":"https:\/\/cybersavoir4.cssdm.gouv.qc.ca\/bibliotheque\/wp-json\/wp\/v2\/tags?post=4274"}],"curies":[{"name":"wp","href":"https:\/\/api.w.org\/{rel}","templated":true}]}}