{"id":36,"date":"2014-12-17T20:27:17","date_gmt":"2014-12-18T01:27:17","guid":{"rendered":"https:\/\/cybersavoir4.cssdm.gouv.qc.ca\/bibliotheque\/?page_id=36"},"modified":"2025-03-18T19:46:21","modified_gmt":"2025-03-18T18:46:21","slug":"bibliographies-thematiques","status":"publish","type":"post","link":"https:\/\/cybersavoir4.cssdm.gouv.qc.ca\/bibliotheque\/bibliographies-thematiques\/","title":{"rendered":"Bibliographies th\u00e9matiques"},"content":{"rendered":"<div style=\"text-align: justify\">D\u00e9couvrez nos diff\u00e9rentes bibliographies produites au fil du temps et des \u00e9v\u00e9nements.<\/div>\n<div style=\"text-align: justify\">Nous ne demandons qu&rsquo;\u00e0 enrichir la liste de bibliographies propos\u00e9es. N&rsquo;h\u00e9sitez pas \u00e0 nous faire part des th\u00e9matiques qui vous int\u00e9ressent.<\/div>\n<div><\/div>\n<div><span style=\"color: #800080\"><strong>&#8211; Collection coup de poing<\/strong><\/span><\/div>\n<div><span style=\"color: #0000ff\"><a style=\"color: #0000ff\" href=\"http:\/\/bibliomontreal.com\/coupdepoing\/\">Coup de poing<\/a><\/span><\/div>\n<div><\/div>\n<div><\/div>\n<div><span style=\"color: #800080\"><strong>&#8211; 375<sup>e<\/sup>\u00a0anniversaire de Montr\u00e9al\u00a0\u00a0<\/strong><\/span><\/div>\n<div><span style=\"color: #0000ff\"><a style=\"color: #0000ff\" href=\"https:\/\/cybersavoir4.cssdm.gouv.qc.ca\/bibliotheque\/wp-content\/uploads\/sites\/2\/2017\/03\/Bibliographie_375e_Montreal.pdf\" target=\"_blank\" rel=\"noopener noreferrer\">375<sup>e<\/sup> Montr\u00e9al<\/a><\/span><\/div>\n<div><\/div>\n<div><\/div>\n<div><span style=\"color: #800080\"><strong>&#8211; Avions\u00a0<\/strong><\/span><\/div>\n<div><span style=\"color: #0000ff\"><a style=\"color: #0000ff\" href=\"https:\/\/cybersavoir4.cssdm.gouv.qc.ca\/bibliotheque\/wp-content\/uploads\/sites\/2\/2014\/12\/Bibliographie-_Prends-ton-envol.pdf\" target=\"_blank\" rel=\"noopener noreferrer\">Prends ton envol!<\/a><\/span> &#8211; Pr\u00e9scolaire et primaire<\/div>\n<div><\/div>\n<div><\/div>\n<div><span style=\"color: #800080\"><strong>&#8211; F\u00e9vrier, Mois de l&rsquo;histoire des Noirs\u00a0<\/strong><\/span><\/div>\n<div><span style=\"color: #0000ff\"><a style=\"color: #0000ff\" href=\"https:\/\/view.genial.ly\/60146420139a080cfaeebb29\/interactive-content-cssdm-biblio-mois-de-lhistoire-des-noirs-copie\" target=\"_blank\" rel=\"noopener noreferrer\">F\u00e9vrier, Mois de l&rsquo;histoire des Noirs<\/a><\/span> &#8211; Primaire<\/div>\n<div><\/div>\n<div><\/div>\n<div><strong><span style=\"color: #800080\">&#8211; CAP sur la pr\u00e9vention<\/span><\/strong><\/div>\n<div><a style=\"color: #0000ff\" href=\"https:\/\/cybersavoir4.cssdm.gouv.qc.ca\/bibliotheque\/wp-content\/uploads\/sites\/2\/2014\/12\/CAP_4ans.pdf\" target=\"_blank\" rel=\"noopener noreferrer\">CAP 4 ans<\/a><\/div>\n<div><span style=\"color: #0000ff\"><a style=\"color: #0000ff\" href=\"https:\/\/cybersavoir4.cssdm.gouv.qc.ca\/bibliotheque\/wp-content\/uploads\/sites\/2\/2014\/12\/CAP_5ans.pdf\" target=\"_blank\" rel=\"noopener noreferrer\">CAP 5 ans<\/a><\/span><\/div>\n<div><span style=\"color: #0000ff\"><a style=\"color: #0000ff\" href=\"https:\/\/cybersavoir4.cssdm.gouv.qc.ca\/bibliotheque\/wp-content\/uploads\/sites\/2\/2014\/12\/CAP_1ecycle_2015_2016.pdf\" target=\"_blank\" rel=\"noopener noreferrer\">CAP 1er cycle 2015-2016<\/a><\/span><\/div>\n<div>Pour plus de suggestions, visitez le site de <span style=\"color: #0000ff\"><a style=\"color: #0000ff\" href=\"http:\/\/cybersavoir.csdm.qc.ca\/capsurlaprevention\/\" target=\"_blank\" rel=\"noopener noreferrer\">Cap sur la pr\u00e9vention \u00e0 la CSDM<\/a><\/span><\/div>\n<div><\/div>\n<div><\/div>\n<div><span style=\"color: #800080\"><strong>&#8211; Deuil<\/strong><\/span><\/div>\n<div><a href=\"https:\/\/cybersavoir4.cssdm.gouv.qc.ca\/bibliotheque\/wp-content\/uploads\/sites\/2\/2019\/04\/Bibliographie_deuil.pdf\" target=\"_blank\" rel=\"noopener\"><span style=\"color: #0000ff\">Bibliographie sur le deuil<\/span><\/a><\/div>\n<div><\/div>\n<div><\/div>\n<div><span style=\"color: #800080\"><strong>&#8211; Docu-fiction\u00a0 <\/strong><\/span><\/div>\n<div><span style=\"color: #0000ff\"><a style=\"color: #0000ff\" href=\"https:\/\/cybersavoir4.cssdm.gouv.qc.ca\/bibliotheque\/wp-content\/uploads\/sites\/2\/2014\/12\/Bibliographie-Docu-fiction-PRIMAIRE_2013.pdf\" target=\"_blank\" rel=\"noopener noreferrer\">Lecture r\u00e9ponse \u00e0 ma question, lecture-\u00e9vasion! <\/a><\/span>&#8211; Pr\u00e9scolaire et primaire<\/div>\n<div><span style=\"color: #0000ff\"><a style=\"color: #0000ff\" href=\"https:\/\/cybersavoir4.cssdm.gouv.qc.ca\/bibliotheque\/wp-content\/uploads\/sites\/2\/2014\/12\/Bibliographie-Docu-fiction-SECONDAIRE_2013.pdf\" target=\"_blank\" rel=\"noopener noreferrer\">Lecture r\u00e9ponse \u00e0 ma question, lecture-\u00e9vasion! <\/a><\/span>&#8211; Secondaire<\/div>\n<div><\/div>\n<div><\/div>\n<div><span style=\"color: #800080\"><strong>&#8211; Environnement<\/strong><\/span><\/div>\n<div><span style=\"color: #0000ff\"><a style=\"color: #0000ff\" href=\"https:\/\/cybersavoir4.cssdm.gouv.qc.ca\/bibliotheque\/wp-content\/uploads\/sites\/2\/2018\/05\/Bibliographie_EVR-Ecologie.pdf\" target=\"_blank\" rel=\"noopener\">\u00c9cologie &#8211; EVR<\/a><\/span><\/div>\n<div><\/div>\n<div><\/div>\n<div><span style=\"color: #800080\"><strong>&#8211; Intimidation<\/strong><\/span><\/div>\n<div><span style=\"color: #0000ff\"><a style=\"color: #0000ff\" href=\"https:\/\/cybersavoir4.cssdm.gouv.qc.ca\/bibliotheque\/wp-content\/uploads\/sites\/2\/2014\/12\/Guide_Plan_lutte_violence_intimidation.pdf\" target=\"_blank\" rel=\"noopener noreferrer\">Guide Plan de lutte contre la violence et l&rsquo;intimidation<\/a><\/span><\/div>\n<div><span style=\"color: #0000ff\"><a style=\"color: #0000ff\" href=\"https:\/\/cybersavoir4.cssdm.gouv.qc.ca\/bibliotheque\/wp-content\/uploads\/sites\/2\/2014\/12\/ListeSuggestions.pdf\" target=\"_blank\" rel=\"noopener noreferrer\">Liste de suggestions sur la violence<\/a><\/span><\/div>\n<div><a style=\"color: #0000ff\" href=\"https:\/\/cybersavoir4.cssdm.gouv.qc.ca\/bibliotheque\/wp-content\/uploads\/sites\/2\/2014\/12\/Lintimidation-on-en-parle.pdf\" target=\"_blank\" rel=\"noopener noreferrer\">L&rsquo;intimidation, on en parle<\/a><span style=\"font-size: 1rem\"> &#8211; Pr\u00e9scolaire et primaire<\/span><\/div>\n<div><span style=\"color: #0000ff\"><a style=\"color: #0000ff\" href=\"https:\/\/cybersavoir4.cssdm.gouv.qc.ca\/bibliotheque\/wp-content\/uploads\/sites\/2\/2014\/12\/reseau_violence.pdf\">R\u00e9seau violence<\/a><\/span><\/div>\n<div><\/div>\n<div><\/div>\n<div><strong><span style=\"color: #800080\">&#8211; Interculturel<\/span><\/strong><\/div>\n<div><span style=\"color: #0000ff\"><a style=\"color: #0000ff\" href=\"http:\/\/www.elodil.umontreal.ca\/fileadmin\/documents\/Litterature-Jeunesse\/Bibliographies\/bibliographie-diversite-septembre-2015.pdf\" target=\"_blank\" rel=\"noopener\">Litt\u00e9rature jeunesse Diversit\u00e9<\/a><\/span><\/div>\n<div><span style=\"color: #0000ff\"><a style=\"color: #0000ff\" href=\"http:\/\/www.elodil.umontreal.ca\/fileadmin\/documents\/Litterature-Jeunesse\/Bibliographies\/bibliographie-refugies-fevrier-2016.pdf\" target=\"_blank\" rel=\"noopener\">Litt\u00e9rature jeunesse R\u00e9fugi\u00e9s<\/a><\/span><\/div>\n<div><\/div>\n<div><\/div>\n<div><strong><span style=\"color: #800080\">&#8211; Intericonicit\u00e9 (image qui r\u00e9f\u00e8re \u00e0 une autre image)\u00a0<\/span><\/strong><\/div>\n<div><span style=\"color: #0000ff\"><a style=\"color: #0000ff\" href=\"https:\/\/cybersavoir4.cssdm.gouv.qc.ca\/bibliotheque\/wp-content\/uploads\/sites\/2\/2014\/12\/Intericonicite_2015_2016.pdf\" target=\"_blank\" rel=\"noopener noreferrer\">Intericonicit\u00e9 2015-2016<\/a><\/span><\/div>\n<div><span style=\"color: #0000ff\"><a style=\"color: #0000ff\" href=\"http:\/\/monecole.fr\/top\/histoire-de-lart-mon-rallye-dart-cycle-2-cycle-3\" target=\"_blank\" rel=\"noopener noreferrer\">Mon rallye d&rsquo;art<\/a><\/span><\/div>\n<div><\/div>\n<div><\/div>\n<div><span style=\"color: #800080\"><strong>&#8211; Mesure 15212<\/strong><\/span><\/div>\n<div><span style=\"color: #0000ff\"><a style=\"color: #0000ff\" href=\"https:\/\/cybersavoir4.cssdm.gouv.qc.ca\/bibliotheque\/wp-content\/uploads\/sites\/2\/2018\/04\/CoupsCoeur_bibliothecaires_mesure15210_modif.pdf\" target=\"_blank\" rel=\"noopener\">Coups de c\u0153ur des biblioth\u00e9caires<\/a><span style=\"color: #333333\">\u00a0&#8211;\u00a0<span style=\"font-size: 1rem\">Pr\u00e9scolaire et 1er cycle du primaire<\/span><\/span><\/span><\/div>\n<div><\/div>\n<div><\/div>\n<div><span style=\"color: #800080\"><strong>&#8211; Mat\u00e9riel p\u00e9dagogique compl\u00e9mentaire<\/strong><\/span><\/div>\n<div><span style=\"color: #0000ff\"><a style=\"color: #0000ff\" href=\"https:\/\/cybersavoir4.cssdm.gouv.qc.ca\/bibliotheque\/wp-content\/uploads\/sites\/2\/2018\/04\/1er_cycle-Lecureuil_et_la_premiere_-neige_ens.pdf\" target=\"_blank\" rel=\"noopener\">1er_cycle-L&rsquo;\u00e9cureuil_et_la_premi\u00e8re_ neige_ens<\/a><\/span><\/div>\n<div><span style=\"color: #0000ff\"><a style=\"color: #0000ff\" href=\"https:\/\/cybersavoir4.cssdm.gouv.qc.ca\/bibliotheque\/wp-content\/uploads\/sites\/2\/2018\/04\/Felicien-demarche-pedagogique.pdf\" target=\"_blank\" rel=\"noopener\">Felicien-d\u00e9marche p\u00e9dagogique<\/a><\/span><\/div>\n<div><span style=\"color: #0000ff\"><a style=\"color: #0000ff\" href=\"https:\/\/cybersavoir4.cssdm.gouv.qc.ca\/bibliotheque\/wp-content\/uploads\/sites\/2\/2018\/04\/Lect_int_1ecycle_Lion_oiseau.pdf\" target=\"_blank\" rel=\"noopener\">Lect_int_1ecycle_Lion_oiseau<\/a><\/span><\/div>\n<div><span style=\"color: #0000ff\"><a style=\"color: #0000ff\" href=\"https:\/\/cybersavoir4.cssdm.gouv.qc.ca\/bibliotheque\/wp-content\/uploads\/sites\/2\/2018\/04\/Lect_interactive_1ecycle_Petite_tache.pdf\" target=\"_blank\" rel=\"noopener\">Lect_interactive_1ecycle_Petite_tache<\/a><\/span><\/div>\n<div><\/div>\n<div><\/div>\n<div><span style=\"background-color: #ffffff;color: #800080\"><strong>&#8211; Momentum BD<\/strong><\/span><\/div>\n<div><span style=\"color: #0000ff\"><a style=\"color: #0000ff\" href=\"https:\/\/view.genial.ly\/614b31c4536c620dcce83665\/presentation-momentum-bd-sorcieres\" target=\"_blank\" rel=\"noopener\">4 BD avec personnages de sorci\u00e8res<\/a><\/span><\/div>\n<div><span style=\"color: #0000ff\"><a style=\"color: #0000ff\" href=\"https:\/\/view.genial.ly\/614b3b095472940db7d3adc4\/presentation-momentum-bd-les-peurs\" target=\"_blank\" rel=\"noopener\">3 BD sur le th\u00e8me des peurs<\/a><\/span><\/div>\n<div><a style=\"font-size: 1rem;color: #0000ff\" href=\"https:\/\/view.genial.ly\/614b2b99bc26960d947e530d\/presentation-momentum-bd-feuilles-dautomne\" target=\"_blank\" rel=\"noopener\">3 BD sur le th\u00e8me des feuilles d&rsquo;automne<\/a><\/div>\n<div><\/div>\n<div><\/div>\n<div><span style=\"color: #800080\"><strong>&#8211; Premi\u00e8res nations<\/strong><\/span><\/div>\n<div><span style=\"color: #0000ff\"><a style=\"color: #0000ff\" href=\"https:\/\/cybersavoir4.cssdm.gouv.qc.ca\/bibliotheque\/wp-content\/uploads\/sites\/2\/2019\/10\/Bibliographie_Identites-et-territoires.pdf\" target=\"_blank\" rel=\"noopener\">Identit\u00e9s et territoires autochtones<\/a><\/span><\/div>\n<div><\/div>\n<div><\/div>\n<div><strong><span style=\"color: #800080\">&#8211; Pr\u00e9scolaire<\/span><\/strong><\/div>\n<div><span style=\"color: #0000ff\"><a style=\"color: #0000ff\" href=\"https:\/\/cybersavoir4.cssdm.gouv.qc.ca\/bibliotheque\/wp-content\/uploads\/sites\/2\/2018\/02\/Incontournables-Prescolaire-Bibliographie.pdf\" target=\"_blank\" rel=\"noopener\">Incontournables pour le pr\u00e9scolaire<\/a><\/span><\/div>\n<div><\/div>\n<div><\/div>\n<div><strong><span style=\"color: #800080\">&#8211; Science-fiction<\/span><\/strong><\/div>\n<div><span style=\"color: #0000ff\"><a style=\"color: #0000ff\" href=\"https:\/\/cybersavoir4.cssdm.gouv.qc.ca\/bibliotheque\/wp-content\/uploads\/sites\/2\/2014\/12\/Bibliographie-science-fiction-primaire-semaine-du-francais-2013.pdf\" target=\"_blank\" rel=\"noopener noreferrer\">La science-fiction<\/a><\/span> &#8211; Pr\u00e9scolaire et primaire<\/div>\n<div><span style=\"color: #0000ff\"><a style=\"color: #0000ff\" href=\"https:\/\/cybersavoir4.cssdm.gouv.qc.ca\/bibliotheque\/wp-content\/uploads\/sites\/2\/2014\/12\/Bibliographie-science-fiction-secondaire-semaine-du-francais-2013.pdf\" target=\"_blank\" rel=\"noopener noreferrer\">La science-fiction <\/a><\/span>&#8211; Secondaire<\/div>\n<div><\/div>\n<div><\/div>\n<div><span style=\"color: #800080\"><strong>&#8211; Sciences<\/strong><\/span><\/div>\n<div><span style=\"color: #0000ff\"><a style=\"color: #0000ff\" href=\"https:\/\/cybersavoir4.cssdm.gouv.qc.ca\/bibliotheque\/wp-content\/uploads\/sites\/2\/2018\/09\/Exposition_morinCSDM.pdf\" target=\"_blank\" rel=\"noopener\">Partager son savoir scientifique en s&rsquo;esclaffant!<\/a><\/span>&#8211; Projet de lecture et d&rsquo;\u00e9criture en fran\u00e7ais et en sciences pour le 2e cycle<\/div>\n<div><\/div>\n<div><\/div>\n<p><span style=\"color: #800080\"><em><span style=\"color: #800080\">Pour plus de suggestions, nous vous invitons \u00e0 consulter le site web<\/span> <a style=\"color: #800080\" href=\"http:\/\/cybersavoir.csdm.qc.ca\/bibliographies\/accueil\/\" target=\"_blank\" rel=\"noopener\">Bibliographies<\/a><span style=\"color: #800080\"> des Services \u00e9ducatifs du CSSDM, r\u00e9guli\u00e8rement mis \u00e0 jour par Julie Marcoux, conseill\u00e8re p\u00e9dagogique. Ce site regorge de suggestions de livres pour le primaire et de mat\u00e9riel p\u00e9dagogique, tels que des lectures\u00a0interactives.<\/span><\/em><span style=\"color: #800080\">\u00a0<\/span><\/span><\/p>\n<p>&nbsp;<\/p>\n","protected":false},"excerpt":{"rendered":"<p>D\u00e9couvrez nos diff\u00e9rentes bibliographies produites au fil du temps et des \u00e9v\u00e9nements. Nous ne demandons qu&rsquo;\u00e0 enrichir la liste de bibliographies propos\u00e9es. N&rsquo;h\u00e9sitez pas \u00e0 nous faire part des th\u00e9matiques qui vous int\u00e9ressent. &#8211; Collection coup de poing Coup de poing &#8211; 375e\u00a0anniversaire de Montr\u00e9al\u00a0\u00a0 375e Montr\u00e9al &#8211; Avions\u00a0 Prends ton envol! &#8211; Pr\u00e9scolaire et [&hellip;]<\/p>\n","protected":false},"author":0,"featured_media":1,"comment_status":"closed","ping_status":"closed","sticky":false,"template":"","format":"standard","meta":{"footnotes":""},"categories":[3],"tags":[2],"class_list":["post-36","post","type-post","status-publish","format-standard","has-post-thumbnail","hentry","category-bibliographies","tag-bibliographie"],"_links":{"self":[{"href":"https:\/\/cybersavoir4.cssdm.gouv.qc.ca\/bibliotheque\/wp-json\/wp\/v2\/posts\/36","targetHints":{"allow":["GET"]}}],"collection":[{"href":"https:\/\/cybersavoir4.cssdm.gouv.qc.ca\/bibliotheque\/wp-json\/wp\/v2\/posts"}],"about":[{"href":"https:\/\/cybersavoir4.cssdm.gouv.qc.ca\/bibliotheque\/wp-json\/wp\/v2\/types\/post"}],"replies":[{"embeddable":true,"href":"https:\/\/cybersavoir4.cssdm.gouv.qc.ca\/bibliotheque\/wp-json\/wp\/v2\/comments?post=36"}],"version-history":[{"count":6,"href":"https:\/\/cybersavoir4.cssdm.gouv.qc.ca\/bibliotheque\/wp-json\/wp\/v2\/posts\/36\/revisions"}],"predecessor-version":[{"id":12137,"href":"https:\/\/cybersavoir4.cssdm.gouv.qc.ca\/bibliotheque\/wp-json\/wp\/v2\/posts\/36\/revisions\/12137"}],"wp:featuredmedia":[{"embeddable":true,"href":"https:\/\/cybersavoir4.cssdm.gouv.qc.ca\/bibliotheque\/wp-json\/"}],"wp:attachment":[{"href":"https:\/\/cybersavoir4.cssdm.gouv.qc.ca\/bibliotheque\/wp-json\/wp\/v2\/media?parent=36"}],"wp:term":[{"taxonomy":"category","embeddable":true,"href":"https:\/\/cybersavoir4.cssdm.gouv.qc.ca\/bibliotheque\/wp-json\/wp\/v2\/categories?post=36"},{"taxonomy":"post_tag","embeddable":true,"href":"https:\/\/cybersavoir4.cssdm.gouv.qc.ca\/bibliotheque\/wp-json\/wp\/v2\/tags?post=36"}],"curies":[{"name":"wp","href":"https:\/\/api.w.org\/{rel}","templated":true}]}}