{"id":3080,"date":"2016-12-09T10:05:43","date_gmt":"2016-12-09T15:05:43","guid":{"rendered":"https:\/\/cybersavoir4.cssdm.gouv.qc.ca\/bibliotheque\/?p=3080"},"modified":"2016-12-09T10:05:43","modified_gmt":"2016-12-09T15:05:43","slug":"noel-de-marguerite","status":"publish","type":"post","link":"https:\/\/cybersavoir4.cssdm.gouv.qc.ca\/bibliotheque\/noel-de-marguerite\/","title":{"rendered":"Le No\u00ebl de Marguerite"},"content":{"rendered":"<p>Hohoho\u00a0! No\u00ebl arrive bient\u00f4t! Vous\u00a0 cherchez peut-\u00eatre un beau conte de No\u00ebl \u00e0 lire \u00e0 votre classe ou \u00e0 acheter en cadeau?\u00a0Voici Le No\u00ebl de Marguerite !<\/p>\n<p><!--more--><\/p>\n<p><img loading=\"lazy\" decoding=\"async\" class=\"alignleft wp-image-6624 size-medium\" src=\"https:\/\/cybersavoir4.cssdm.gouv.qc.ca\/bibliotheque\/wp-content\/uploads\/sites\/2\/2016\/12\/cover-226x300.jpg\" alt=\"noel_marguerite\" width=\"226\" height=\"300\" srcset=\"https:\/\/cybersavoir4.cssdm.gouv.qc.ca\/bibliotheque\/wp-content\/uploads\/sites\/2\/2016\/12\/cover-226x300.jpg 226w, https:\/\/cybersavoir4.cssdm.gouv.qc.ca\/bibliotheque\/wp-content\/uploads\/sites\/2\/2016\/12\/cover.jpg 400w\" sizes=\"auto, (max-width: 226px) 100vw, 226px\" \/>Voici Le No\u00ebl de Marguerite, un titre incontournable du temps des f\u00eates.\u00a0 Un beau conte qui plaira \u00e0 toute la famille; aux petits comme aux grands et m\u00eame aux tr\u00e8s grands. <em>Le No\u00ebl de Marguerite<\/em>, paru aux \u00e9ditions de la Past\u00e8que, illustr\u00e9 par Pascal Blanchet et \u00e9crit par India Desjardins. Eh oui, celle qui a \u00e9crit la fameuse s\u00e9rie Aur\u00e9lie Laflamme!<\/p>\n<p>C\u2019est No\u00ebl. Une vieille dame guettant la mort et qui pr\u00e9f\u00e8re rester dans le confort de sa maison plut\u00f4t que de rejoindre les siens le soir de No\u00ebl et risquer de glisser dehors et se faire mal. Mais un \u00e9v\u00e9nement viendra bouleverser le paisible d\u00e9roulement bien planifi\u00e9 de sa soir\u00e9e.<\/p>\n<p>India Desjardins nous offre \u00a0ici \u00a0un album abordant les th\u00e8mes de la vieillesse, de l\u2019isolement, de la peur avec beaucoup de finesse. Le texte est accompagn\u00e9 par les magnifiques illustrations de Pascal Blanchet. L\u2019illustrateur nous donne \u00e0 voir des images symboliques au style vintage. Blanchet cr\u00e9e des plans en plong\u00e9e spectaculaire, dirige notre regard vers des d\u00e9tails importants, cr\u00e9e des ambiances par un montage d\u2019images et un encha\u00eenement de pages bien r\u00e9ussi. Prix Ragazzi 2014 de litt\u00e9rature jeunesse.<\/p>\n<p>Bonne lecture!<\/p>\n<p>Viviane Morin, biblioth\u00e9caire au primaire (quartiers Saint-Henri et Plateau Mont-Royal)<\/p>\n<p><strong>R\u00e9f\u00e9rence<\/strong> : <em>Le\u00a0No\u00ebl de Marguerite<\/em> \/ India Desjardins et Pascal Blanchet, \u00e9ditions La Past\u00e8que, 2013, 69 p.,\u00a09782923841441.<\/p>\n","protected":false},"excerpt":{"rendered":"<p>Hohoho\u00a0! No\u00ebl arrive bient\u00f4t! Vous\u00a0 cherchez peut-\u00eatre un beau conte de No\u00ebl \u00e0 lire \u00e0 votre classe ou \u00e0 acheter en cadeau?\u00a0Voici Le No\u00ebl de Marguerite !<\/p>\n","protected":false},"author":0,"featured_media":0,"comment_status":"open","ping_status":"open","sticky":false,"template":"","format":"standard","meta":{"footnotes":""},"categories":[9],"tags":[27,42,28,7,103,104,86,105],"class_list":["post-3080","post","type-post","status-publish","format-standard","hentry","category-coups-de-coeur","tag-1er-cycle-du-secondaire","tag-2e-cycle-du-primaire","tag-2e-cycle-du-secondaire","tag-3e-cycle-du-primaire","tag-isolement","tag-mort","tag-peur","tag-vieillesse"],"_links":{"self":[{"href":"https:\/\/cybersavoir4.cssdm.gouv.qc.ca\/bibliotheque\/wp-json\/wp\/v2\/posts\/3080","targetHints":{"allow":["GET"]}}],"collection":[{"href":"https:\/\/cybersavoir4.cssdm.gouv.qc.ca\/bibliotheque\/wp-json\/wp\/v2\/posts"}],"about":[{"href":"https:\/\/cybersavoir4.cssdm.gouv.qc.ca\/bibliotheque\/wp-json\/wp\/v2\/types\/post"}],"replies":[{"embeddable":true,"href":"https:\/\/cybersavoir4.cssdm.gouv.qc.ca\/bibliotheque\/wp-json\/wp\/v2\/comments?post=3080"}],"version-history":[{"count":0,"href":"https:\/\/cybersavoir4.cssdm.gouv.qc.ca\/bibliotheque\/wp-json\/wp\/v2\/posts\/3080\/revisions"}],"wp:attachment":[{"href":"https:\/\/cybersavoir4.cssdm.gouv.qc.ca\/bibliotheque\/wp-json\/wp\/v2\/media?parent=3080"}],"wp:term":[{"taxonomy":"category","embeddable":true,"href":"https:\/\/cybersavoir4.cssdm.gouv.qc.ca\/bibliotheque\/wp-json\/wp\/v2\/categories?post=3080"},{"taxonomy":"post_tag","embeddable":true,"href":"https:\/\/cybersavoir4.cssdm.gouv.qc.ca\/bibliotheque\/wp-json\/wp\/v2\/tags?post=3080"}],"curies":[{"name":"wp","href":"https:\/\/api.w.org\/{rel}","templated":true}]}}