{"id":2347,"date":"2016-04-25T09:24:52","date_gmt":"2016-04-25T13:24:52","guid":{"rendered":"https:\/\/cybersavoir4.cssdm.gouv.qc.ca\/bibliotheque\/?p=2347"},"modified":"2016-04-25T09:24:52","modified_gmt":"2016-04-25T13:24:52","slug":"qui-quoi-ou","status":"publish","type":"post","link":"https:\/\/cybersavoir4.cssdm.gouv.qc.ca\/bibliotheque\/qui-quoi-ou\/","title":{"rendered":"Qui , quoi, o\u00f9"},"content":{"rendered":"<p style=\"text-align: justify\">Apr\u00e8s <em>Qui, quoi, qui<\/em>, ce deuxi\u00e8me opus d\u2019Olivier Tallec est tout aussi r\u00e9ussi. On retrouve avec bonheur ces petits personnages color\u00e9s et expressifs. <!--more--><\/p>\n<figure id=\"attachment_2349\" aria-describedby=\"caption-attachment-2349\" style=\"width: 265px\" class=\"wp-caption alignleft\"><a href=\"https:\/\/cybersavoir4.cssdm.gouv.qc.ca\/bibliotheque\/wp-content\/uploads\/sites\/2\/2016\/04\/tallec-1.jpg\" rel=\"attachment wp-att-2349\"><img loading=\"lazy\" decoding=\"async\" class=\" wp-image-2349\" src=\"https:\/\/cybersavoir4.cssdm.gouv.qc.ca\/bibliotheque\/wp-content\/uploads\/sites\/2\/2016\/04\/tallec-1-300x170.jpg\" alt=\"Reproduction autoris\u00e9e par SQTD\" width=\"265\" height=\"150\" srcset=\"https:\/\/cybersavoir4.cssdm.gouv.qc.ca\/bibliotheque\/wp-content\/uploads\/sites\/2\/2016\/04\/tallec-1-300x170.jpg 300w, https:\/\/cybersavoir4.cssdm.gouv.qc.ca\/bibliotheque\/wp-content\/uploads\/sites\/2\/2016\/04\/tallec-1.jpg 405w\" sizes=\"auto, (max-width: 265px) 100vw, 265px\" \/><\/a><figcaption id=\"caption-attachment-2349\" class=\"wp-caption-text\">Reproduction autoris\u00e9e par SQTD<\/figcaption><\/figure>\n<p style=\"text-align: justify\">Sur un ton humoristique, le lecteur est appel\u00e9 \u00e0 trouver le personnage qui est au c\u0153ur de la devinette. L\u2019\u00e9l\u00e8ve doit rep\u00e9rer les indices laiss\u00e9s dans la mise en sc\u00e8ne et ensuite proc\u00e9der \u00e0 l\u2019identification du personnage en utilisant le principe de d\u00e9duction, l\u2019analyse des expressions et de l\u2019attitude des personnages. Un livre \u00e0 animer, mais aussi \u00e0 la port\u00e9e des lecteurs d\u00e9butants. Un tr\u00e8s bel ouvrage qui d\u00e9montre brillamment qu\u2019il est possible de lire en s\u2019amusant!<\/p>\n<p style=\"text-align: justify\">\u00a0\u00a0\u00a0\u00a0\u00a0\u00a0\u00a0\u00a0\u00a0\u00a0\u00a0\u00a0\u00a0\u00a0\u00a0\u00a0\u00a0\u00a0\u00a0\u00a0\u00a0\u00a0\u00a0\u00a0\u00a0\u00a0\u00a0\u00a0\u00a0\u00a0\u00a0\u00a0\u00a0\u00a0\u00a0\u00a0\u00a0\u00a0\u00a0\u00a0\u00a0\u00a0\u00a0\u00a0\u00a0\u00a0\u00a0\u00a0\u00a0\u00a0\u00a0\u00a0\u00a0\u00a0\u00a0\u00a0\u00a0\u00a0\u00a0\u00a0\u00a0\u00a0\u00a0\u00a0\u00a0\u00a0\u00a0\u00a0\u00a0\u00a0\u00a0\u00a0\u00a0\u00a0\u00a0\u00a0\u00a0\u00a0\u00a0\u00a0\u00a0\u00a0\u00a0\u00a0\u00a0\u00a0\u00a0\u00a0\u00a0\u00a0\u00a0\u00a0\u00a0\u00a0\u00a0\u00a0\u00a0\u00a0\u00a0\u00a0\u00a0\u00a0\u00a0\u00a0\u00a0\u00a0\u00a0\u00a0\u00a0\u00a0\u00a0\u00a0\u00a0 St\u00e9phanie Quer, biblioth\u00e9caire<\/p>\n<p><strong>R\u00e9f\u00e9rence :<\/strong> <em>Qui, quoi, o\u00f9<\/em>\u00a0\/ Olivier Tallec; Actes Sud junior, 2015, 26 p., ISBN :\u00a09782330038922.<\/p>\n","protected":false},"excerpt":{"rendered":"<p>Apr\u00e8s Qui, quoi, qui, ce deuxi\u00e8me opus d\u2019Olivier Tallec est tout aussi r\u00e9ussi. On retrouve avec bonheur ces petits personnages color\u00e9s et expressifs.<\/p>\n","protected":false},"author":0,"featured_media":0,"comment_status":"open","ping_status":"open","sticky":false,"template":"","format":"standard","meta":{"footnotes":""},"categories":[9],"tags":[11,90,91,33],"class_list":["post-2347","post","type-post","status-publish","format-standard","hentry","category-coups-de-coeur","tag-1er-cycle-du-primaire","tag-album-documentaire","tag-livre-jeu","tag-prescolaire"],"_links":{"self":[{"href":"https:\/\/cybersavoir4.cssdm.gouv.qc.ca\/bibliotheque\/wp-json\/wp\/v2\/posts\/2347","targetHints":{"allow":["GET"]}}],"collection":[{"href":"https:\/\/cybersavoir4.cssdm.gouv.qc.ca\/bibliotheque\/wp-json\/wp\/v2\/posts"}],"about":[{"href":"https:\/\/cybersavoir4.cssdm.gouv.qc.ca\/bibliotheque\/wp-json\/wp\/v2\/types\/post"}],"replies":[{"embeddable":true,"href":"https:\/\/cybersavoir4.cssdm.gouv.qc.ca\/bibliotheque\/wp-json\/wp\/v2\/comments?post=2347"}],"version-history":[{"count":0,"href":"https:\/\/cybersavoir4.cssdm.gouv.qc.ca\/bibliotheque\/wp-json\/wp\/v2\/posts\/2347\/revisions"}],"wp:attachment":[{"href":"https:\/\/cybersavoir4.cssdm.gouv.qc.ca\/bibliotheque\/wp-json\/wp\/v2\/media?parent=2347"}],"wp:term":[{"taxonomy":"category","embeddable":true,"href":"https:\/\/cybersavoir4.cssdm.gouv.qc.ca\/bibliotheque\/wp-json\/wp\/v2\/categories?post=2347"},{"taxonomy":"post_tag","embeddable":true,"href":"https:\/\/cybersavoir4.cssdm.gouv.qc.ca\/bibliotheque\/wp-json\/wp\/v2\/tags?post=2347"}],"curies":[{"name":"wp","href":"https:\/\/api.w.org\/{rel}","templated":true}]}}