{"id":2273,"date":"2016-03-29T11:54:20","date_gmt":"2016-03-29T15:54:20","guid":{"rendered":"https:\/\/cybersavoir4.cssdm.gouv.qc.ca\/bibliotheque\/?p=2273"},"modified":"2016-03-29T11:54:20","modified_gmt":"2016-03-29T15:54:20","slug":"blood-family","status":"publish","type":"post","link":"https:\/\/cybersavoir4.cssdm.gouv.qc.ca\/bibliotheque\/blood-family\/","title":{"rendered":"Blood family"},"content":{"rendered":"<figure id=\"attachment_2274\" aria-describedby=\"caption-attachment-2274\" style=\"width: 120px\" class=\"wp-caption alignleft\"><a href=\"https:\/\/cybersavoir4.cssdm.gouv.qc.ca\/bibliotheque\/wp-content\/uploads\/sites\/2\/2016\/03\/blood.jpg\" rel=\"attachment wp-att-2274\"><img loading=\"lazy\" decoding=\"async\" class=\" wp-image-2274\" src=\"https:\/\/cybersavoir4.cssdm.gouv.qc.ca\/bibliotheque\/wp-content\/uploads\/sites\/2\/2016\/03\/blood-203x300.jpg\" alt=\"Reproduction d\u2019image autoris\u00e9e par le SQTD.\" width=\"120\" height=\"177\" srcset=\"https:\/\/cybersavoir4.cssdm.gouv.qc.ca\/bibliotheque\/wp-content\/uploads\/sites\/2\/2016\/03\/blood-203x300.jpg 203w, https:\/\/cybersavoir4.cssdm.gouv.qc.ca\/bibliotheque\/wp-content\/uploads\/sites\/2\/2016\/03\/blood.jpg 400w\" sizes=\"auto, (max-width: 120px) 100vw, 120px\" \/><\/a><figcaption id=\"caption-attachment-2274\" class=\"wp-caption-text\">Reproduction d\u2019image autoris\u00e9e par le SQTD.<\/figcaption><\/figure>\n<p style=\"text-align: justify\">Pendant plusieurs ann\u00e9es, Edward et sa m\u00e8re ont \u00e9t\u00e9 s\u00e9questr\u00e9s et violent\u00e9s par Bryce Harris, un homme alcoolique. Si sa m\u00e8re garde de graves s\u00e9quelles physiques et psychologiques de ces ann\u00e9es de maltraitance, Edward, \u00e0 7 ans, semble s\u2019en sortir plut\u00f4t bien. <!--more-->Apr\u00e8s un s\u00e9jour en famille d\u2019accueil, il est adopt\u00e9 et a m\u00eame une s\u0153ur, elle aussi adopt\u00e9e. Sa jeunesse se d\u00e9roule bien, plusieurs amis, bons r\u00e9sultats scolaires, etc., jusqu\u2019au jour o\u00f9, \u00e0 l\u2019adolescence, en se regardant dans le miroir, Edward a une r\u00e9v\u00e9lation\u00a0: il ressemble \u00e0 Bryce Harris, ce dernier est son p\u00e8re g\u00e9n\u00e9tique. \u00c0 partir de l\u00e0, c\u2019est une descente aux enfers pour Edward, car en ne voulant pas lui ressembler, il posera des gestes qui le rapprocheront de ce bourreau.<\/p>\n<p>Le titre du roman, <em>Blood family<\/em>, permet d\u2019identifier rapidement le th\u00e8me principal de ce roman\u00a0: les liens g\u00e9n\u00e9tiques (dits de sang) d\u00e9terminent-ils notre futur ou l\u2019autod\u00e9termination est-elle plus importante? C\u2019est cette question que se pose Edward et la r\u00e9ponse ne sera pas facile \u00e0 trouver. La multitude des narrateurs (Edward, un travailleur social, une psychologue, la femme de la famille d\u2019accueil, ses parents adoptifs, sa s\u0153ur, etc.) permet au lecteur de mieux comprendre ce qu\u2019a v\u00e9cu Edward, mais aussi la place qu\u2019ils occupent tous dans sa vie. Ce grand nombre d\u2019intervenants ne perturbe pas la lecture, au contraire, il aide le lecteur \u00e0 mieux comprendre les \u00e9v\u00e8nements. <em>Blood family <\/em>est un roman r\u00e9aliste et parfois difficile, mais qui se termine doucement sur une fin ouverte qui laisse esp\u00e9rer un avenir meilleur \u00e0 Edward et \u00e0 tous ceux qui l\u2019aime et qui veulent faire partie de sa vie.<\/p>\n<p>&nbsp;<\/p>\n","protected":false},"excerpt":{"rendered":"<p>Pendant plusieurs ann\u00e9es, Edward et sa m\u00e8re ont \u00e9t\u00e9 s\u00e9questr\u00e9s et violent\u00e9s par Bryce Harris, un homme alcoolique. Si sa m\u00e8re garde de graves s\u00e9quelles physiques et psychologiques de ces ann\u00e9es de maltraitance, Edward, \u00e0 7 ans, semble s\u2019en sortir plut\u00f4t bien.<\/p>\n","protected":false},"author":0,"featured_media":0,"comment_status":"open","ping_status":"open","sticky":false,"template":"","format":"standard","meta":{"footnotes":""},"categories":[9],"tags":[28,34,10,40],"class_list":["post-2273","post","type-post","status-publish","format-standard","hentry","category-coups-de-coeur","tag-2e-cycle-du-secondaire","tag-adolescence","tag-roman","tag-violence-familiale"],"_links":{"self":[{"href":"https:\/\/cybersavoir4.cssdm.gouv.qc.ca\/bibliotheque\/wp-json\/wp\/v2\/posts\/2273","targetHints":{"allow":["GET"]}}],"collection":[{"href":"https:\/\/cybersavoir4.cssdm.gouv.qc.ca\/bibliotheque\/wp-json\/wp\/v2\/posts"}],"about":[{"href":"https:\/\/cybersavoir4.cssdm.gouv.qc.ca\/bibliotheque\/wp-json\/wp\/v2\/types\/post"}],"replies":[{"embeddable":true,"href":"https:\/\/cybersavoir4.cssdm.gouv.qc.ca\/bibliotheque\/wp-json\/wp\/v2\/comments?post=2273"}],"version-history":[{"count":0,"href":"https:\/\/cybersavoir4.cssdm.gouv.qc.ca\/bibliotheque\/wp-json\/wp\/v2\/posts\/2273\/revisions"}],"wp:attachment":[{"href":"https:\/\/cybersavoir4.cssdm.gouv.qc.ca\/bibliotheque\/wp-json\/wp\/v2\/media?parent=2273"}],"wp:term":[{"taxonomy":"category","embeddable":true,"href":"https:\/\/cybersavoir4.cssdm.gouv.qc.ca\/bibliotheque\/wp-json\/wp\/v2\/categories?post=2273"},{"taxonomy":"post_tag","embeddable":true,"href":"https:\/\/cybersavoir4.cssdm.gouv.qc.ca\/bibliotheque\/wp-json\/wp\/v2\/tags?post=2273"}],"curies":[{"name":"wp","href":"https:\/\/api.w.org\/{rel}","templated":true}]}}