{"id":1719,"date":"2015-10-26T08:00:51","date_gmt":"2015-10-26T12:00:51","guid":{"rendered":"https:\/\/cybersavoir4.cssdm.gouv.qc.ca\/bibliotheque\/?p=1719"},"modified":"2015-10-26T08:00:51","modified_gmt":"2015-10-26T12:00:51","slug":"comme-un-feu-furieux","status":"publish","type":"post","link":"https:\/\/cybersavoir4.cssdm.gouv.qc.ca\/bibliotheque\/comme-un-feu-furieux\/","title":{"rendered":"Comme un feu furieux"},"content":{"rendered":"<figure id=\"attachment_1721\" aria-describedby=\"caption-attachment-1721\" style=\"width: 130px\" class=\"wp-caption alignleft\"><a href=\"https:\/\/cybersavoir4.cssdm.gouv.qc.ca\/bibliotheque\/wp-content\/uploads\/sites\/2\/2015\/10\/Chronique_Comme-un-feu-furieux.jpg\"><img loading=\"lazy\" decoding=\"async\" class=\"wp-image-1721\" src=\"https:\/\/cybersavoir4.cssdm.gouv.qc.ca\/bibliotheque\/wp-content\/uploads\/sites\/2\/2015\/10\/Chronique_Comme-un-feu-furieux.jpg\" alt=\"Chronique_Comme un feu furieux\" width=\"130\" height=\"190\" srcset=\"https:\/\/cybersavoir4.cssdm.gouv.qc.ca\/bibliotheque\/wp-content\/uploads\/sites\/2\/2015\/10\/Chronique_Comme-un-feu-furieux.jpg 400w, https:\/\/cybersavoir4.cssdm.gouv.qc.ca\/bibliotheque\/wp-content\/uploads\/sites\/2\/2015\/10\/Chronique_Comme-un-feu-furieux-205x300.jpg 205w\" sizes=\"auto, (max-width: 130px) 100vw, 130px\" \/><\/a><figcaption id=\"caption-attachment-1721\" class=\"wp-caption-text\">Reproduction d\u2019image autoris\u00e9e par SQTD.<\/figcaption><\/figure>\n<p style=\"text-align: justify\">L\u2019histoire se passe \u00e0 Tiksi, petite ville sib\u00e9rienne situ\u00e9e sur la c\u00f4te de l\u2019oc\u00e9an Arctique et laiss\u00e9e \u00e0 l\u2019abandon apr\u00e8s l\u2019effondrement de l\u2019Union sovi\u00e9tique. Galya, adolescente de 16 ans, r\u00eave de devenir oc\u00e9anographe et tente de mener une vie normale, et ce, un an apr\u00e8s la mort inexpliqu\u00e9e de sa m\u00e8re.<\/p>\n<p style=\"text-align: justify\"><!--more--><br \/>\nParall\u00e8lement, son p\u00e8re est trop pris \u00e0 travailler pour que sa famille puisse survivre dans ce coin du monde sans esp\u00e9rance. Galya doit alors s\u2019occuper de Lazar, le plus jeune de ses fr\u00e8res, tandis que Gavriil, l\u2019a\u00een\u00e9, est plong\u00e9 dans un mutisme total et reste clo\u00eetr\u00e9 dans sa chambre depuis le drame familial. Toutefois, l\u2019accostage du brise-glace Yama dans le port de Tiksi va tout bouleverser et rompre tous les secrets qui entourent la disparition de la m\u00e8re.<\/p>\n<p style=\"text-align: justify\">Marie Chartres d\u00e9peint une partie du monde triste et oubli\u00e9e o\u00f9 les silences et les non-dits rendent un drame de plus en plus \u00e9touffant. Comme un feu furieux peut bouleverser le lecteur, car il aborde des sujets difficiles comme le suicide et la r\u00e9silience. L\u2019auteur apporte un peu de l\u00e9g\u00e8ret\u00e9 \u00e0 son r\u00e9cit avec quelques personnages tr\u00e8s attachants comme le petit Lazar ou encore Josiah, chien fid\u00e8le de Galya. Le roman inclut aussi quelques po\u00e8mes \u00e9crits par le fr\u00e8re a\u00een\u00e9 de Galya, et qui \u00e9voquent la douleur et le sentiment de culpabilit\u00e9.<\/p>\n<p style=\"text-align: justify\">L\u2019histoire de ce roman est poignante. Le livre s\u2019adresse avant tout \u00e0 des lecteurs avertis.<\/p>\n<p style=\"text-align: right\">Karl Mauboussin, biblioth\u00e9caire<\/p>\n<p><strong>R\u00e9f\u00e9rence :<\/strong>\u00a0<em>Comme un feu furieux<\/em> \/ \u00a0Marie Chartres ; \u00c9ditions L\u2019\u00e9cole des loisirs, 2015, 164 p., ISBN :\u00a09782211216203.<\/p>\n","protected":false},"excerpt":{"rendered":"<p>L\u2019histoire se passe \u00e0 Tiksi, petite ville sib\u00e9rienne situ\u00e9e sur la c\u00f4te de l\u2019oc\u00e9an Arctique et laiss\u00e9e \u00e0 l\u2019abandon apr\u00e8s l\u2019effondrement de l\u2019Union sovi\u00e9tique. Galya, adolescente de 16 ans, r\u00eave de devenir oc\u00e9anographe et tente de mener une vie normale, et ce, un an apr\u00e8s la mort inexpliqu\u00e9e de sa m\u00e8re.<\/p>\n","protected":false},"author":0,"featured_media":0,"comment_status":"open","ping_status":"open","sticky":false,"template":"","format":"standard","meta":{"footnotes":""},"categories":[9],"tags":[28,76,77,10],"class_list":["post-1719","post","type-post","status-publish","format-standard","hentry","category-coups-de-coeur","tag-2e-cycle-du-secondaire","tag-deuil","tag-famille","tag-roman"],"_links":{"self":[{"href":"https:\/\/cybersavoir4.cssdm.gouv.qc.ca\/bibliotheque\/wp-json\/wp\/v2\/posts\/1719","targetHints":{"allow":["GET"]}}],"collection":[{"href":"https:\/\/cybersavoir4.cssdm.gouv.qc.ca\/bibliotheque\/wp-json\/wp\/v2\/posts"}],"about":[{"href":"https:\/\/cybersavoir4.cssdm.gouv.qc.ca\/bibliotheque\/wp-json\/wp\/v2\/types\/post"}],"replies":[{"embeddable":true,"href":"https:\/\/cybersavoir4.cssdm.gouv.qc.ca\/bibliotheque\/wp-json\/wp\/v2\/comments?post=1719"}],"version-history":[{"count":0,"href":"https:\/\/cybersavoir4.cssdm.gouv.qc.ca\/bibliotheque\/wp-json\/wp\/v2\/posts\/1719\/revisions"}],"wp:attachment":[{"href":"https:\/\/cybersavoir4.cssdm.gouv.qc.ca\/bibliotheque\/wp-json\/wp\/v2\/media?parent=1719"}],"wp:term":[{"taxonomy":"category","embeddable":true,"href":"https:\/\/cybersavoir4.cssdm.gouv.qc.ca\/bibliotheque\/wp-json\/wp\/v2\/categories?post=1719"},{"taxonomy":"post_tag","embeddable":true,"href":"https:\/\/cybersavoir4.cssdm.gouv.qc.ca\/bibliotheque\/wp-json\/wp\/v2\/tags?post=1719"}],"curies":[{"name":"wp","href":"https:\/\/api.w.org\/{rel}","templated":true}]}}