{"id":1511,"date":"2015-09-21T10:48:30","date_gmt":"2015-09-21T14:48:30","guid":{"rendered":"https:\/\/cybersavoir4.cssdm.gouv.qc.ca\/bibliotheque\/?p=1511"},"modified":"2015-09-21T10:48:30","modified_gmt":"2015-09-21T14:48:30","slug":"le-vide-de-nos-coeurs","status":"publish","type":"post","link":"https:\/\/cybersavoir4.cssdm.gouv.qc.ca\/bibliotheque\/le-vide-de-nos-coeurs\/","title":{"rendered":"Le vide de nos coeurs"},"content":{"rendered":"<figure id=\"attachment_1515\" aria-describedby=\"caption-attachment-1515\" style=\"width: 123px\" class=\"wp-caption alignleft\"><a href=\"https:\/\/cybersavoir4.cssdm.gouv.qc.ca\/bibliotheque\/wp-content\/uploads\/sites\/2\/2015\/09\/vide.jpg\"><img loading=\"lazy\" decoding=\"async\" class=\" wp-image-1515\" src=\"https:\/\/cybersavoir4.cssdm.gouv.qc.ca\/bibliotheque\/wp-content\/uploads\/sites\/2\/2015\/09\/vide-190x300.jpg\" alt=\"Reproduction d'image autoris\u00e9e par ADP.\" width=\"123\" height=\"195\" srcset=\"https:\/\/cybersavoir4.cssdm.gouv.qc.ca\/bibliotheque\/wp-content\/uploads\/sites\/2\/2015\/09\/vide-190x300.jpg 190w, https:\/\/cybersavoir4.cssdm.gouv.qc.ca\/bibliotheque\/wp-content\/uploads\/sites\/2\/2015\/09\/vide.jpg 400w\" sizes=\"auto, (max-width: 123px) 100vw, 123px\" \/><\/a><figcaption id=\"caption-attachment-1515\" class=\"wp-caption-text\">Reproduction d&rsquo;image autoris\u00e9e par ADP.<\/figcaption><\/figure>\n<p style=\"text-align: justify\">L\u2019on pourrait d\u00e9crire ce roman avec une m\u00e9taphore m\u00e9t\u00e9orologique\u00a0: pr\u00e9vision d\u2019orages violents avec \u00e9claircies en fin de journ\u00e9e.<!--more--><\/p>\n<p style=\"text-align: justify\">Le suicide n\u2019est pas un th\u00e8me facile et il a parfois \u00e9t\u00e9 abord\u00e9 maladroitement en litt\u00e9rature adolescente. <em>Le vide de nos c\u0153urs<\/em> pr\u00e9sente deux personnages, Aysel et Roman, pour qui la vie n\u2019a plus de valeur et qui ont choisi cette voie pour remplacer leur mal-\u00eatre. La narration est faite par Aysel et les titres des chapitres font le d\u00e9compte avant le grand jour. Le roman commence avec la rencontre\u00a0entre Aysel et Roman\u00a0: m\u00eame s\u2019ils ont d\u00e9j\u00e0 d\u00e9cid\u00e9 qu\u2019ils voulaient mourir dans les prochaines semaines, ils ne veulent pas le faire seul et ils se rencontrent par l\u2019entremise du site Internet Smooth Passages. Leurs rencontres de planification, o\u00f9 ils ne prennent pas de gants blancs pour discuter de d\u00e9tails un peu morbides, permettront au lecteur de mieux comprendre les raisons d\u2019Aysel et de Roman de vouloir quitter le monde. En s\u2019ouvrant l\u2019un \u00e0 l\u2019autre, ils constateront que la joie et la souffrance font partie de la vie et qu\u2019il est parfois difficile d&rsquo;accepter que les tous les gestes pos\u00e9s au quotidien le sont pour la derni\u00e8re fois.<\/p>\n<p style=\"text-align: justify\">Le ton du roman n\u2019est jamais moralisateur et malgr\u00e9 le choix qu\u2019ils ont fait, Aysel et Roman sont des personnages terriblement attachants. On voudrait parfois les prendre dans nos bras pour les consoler (m\u00eame si on sait tr\u00e8s bien qu\u2019ils ne se laisseront pas faire) et on tourne chaque page en esp\u00e9rant qu\u2019ils ne sont pas pass\u00e9s de la parole aux actes. Aysel et Roman sont des adolescents \u00e0 fleur de peau qui ont d\u00e9j\u00e0 travers\u00e9 beaucoup d\u2019\u00e9preuves malgr\u00e9 leur jeune \u00e2ge et qui doivent apprendre \u00e0 la dure que la vie peut parfois \u00eatre cruelle, mais qu\u2019elle peut aussi \u00eatre tr\u00e8s belle.<\/p>\n<p style=\"text-align: justify\">La litt\u00e9rature permet de pr\u00e9senter des moments d\u2019existence qui font r\u00e9fl\u00e9chir et qui permettent au lecteur de s\u2019identifier et de se questionner. Ce roman en est l\u2019exemple parfait. Apr\u00e8s l\u2019orage, le soleil pointe toujours le bout de ses rayons\u2026<\/p>\n<p style=\"text-align: right\">Elise Ste-Marie, biblioth\u00e9caire<\/p>\n<p style=\"text-align: justify\"><strong>R\u00e9f\u00e9rence<\/strong> : <em>Le vide de nos c\u0153urs<\/em> \/ Jasmine Warga ; traduit de l&rsquo;anglais (\u00c9tats-Unis) par Maud Desurvire, Hugo roman, 2015, 302 p.. ISBN : <span id=\"advancedSRsqtd\">9782755618532.<\/span><\/p>\n","protected":false},"excerpt":{"rendered":"<p>L\u2019on pourrait d\u00e9crire ce roman avec une m\u00e9taphore m\u00e9t\u00e9orologique\u00a0: pr\u00e9vision d\u2019orages violents avec \u00e9claircies en fin de journ\u00e9e.<\/p>\n","protected":false},"author":0,"featured_media":0,"comment_status":"open","ping_status":"open","sticky":false,"template":"","format":"standard","meta":{"footnotes":""},"categories":[9],"tags":[28,10,74],"class_list":["post-1511","post","type-post","status-publish","format-standard","hentry","category-coups-de-coeur","tag-2e-cycle-du-secondaire","tag-roman","tag-suicide"],"_links":{"self":[{"href":"https:\/\/cybersavoir4.cssdm.gouv.qc.ca\/bibliotheque\/wp-json\/wp\/v2\/posts\/1511","targetHints":{"allow":["GET"]}}],"collection":[{"href":"https:\/\/cybersavoir4.cssdm.gouv.qc.ca\/bibliotheque\/wp-json\/wp\/v2\/posts"}],"about":[{"href":"https:\/\/cybersavoir4.cssdm.gouv.qc.ca\/bibliotheque\/wp-json\/wp\/v2\/types\/post"}],"replies":[{"embeddable":true,"href":"https:\/\/cybersavoir4.cssdm.gouv.qc.ca\/bibliotheque\/wp-json\/wp\/v2\/comments?post=1511"}],"version-history":[{"count":0,"href":"https:\/\/cybersavoir4.cssdm.gouv.qc.ca\/bibliotheque\/wp-json\/wp\/v2\/posts\/1511\/revisions"}],"wp:attachment":[{"href":"https:\/\/cybersavoir4.cssdm.gouv.qc.ca\/bibliotheque\/wp-json\/wp\/v2\/media?parent=1511"}],"wp:term":[{"taxonomy":"category","embeddable":true,"href":"https:\/\/cybersavoir4.cssdm.gouv.qc.ca\/bibliotheque\/wp-json\/wp\/v2\/categories?post=1511"},{"taxonomy":"post_tag","embeddable":true,"href":"https:\/\/cybersavoir4.cssdm.gouv.qc.ca\/bibliotheque\/wp-json\/wp\/v2\/tags?post=1511"}],"curies":[{"name":"wp","href":"https:\/\/api.w.org\/{rel}","templated":true}]}}