{"id":1403,"date":"2015-08-31T08:00:49","date_gmt":"2015-08-31T12:00:49","guid":{"rendered":"https:\/\/cybersavoir4.cssdm.gouv.qc.ca\/bibliotheque\/?p=1403"},"modified":"2015-08-31T08:00:49","modified_gmt":"2015-08-31T12:00:49","slug":"sophie-et-sa-courge","status":"publish","type":"post","link":"https:\/\/cybersavoir4.cssdm.gouv.qc.ca\/bibliotheque\/sophie-et-sa-courge\/","title":{"rendered":"Sophie et sa courge"},"content":{"rendered":"<figure id=\"attachment_1408\" aria-describedby=\"caption-attachment-1408\" style=\"width: 157px\" class=\"wp-caption alignleft\"><a href=\"https:\/\/cybersavoir4.cssdm.gouv.qc.ca\/bibliotheque\/wp-content\/uploads\/sites\/2\/2015\/07\/Chronique20150831.gif\"><img loading=\"lazy\" decoding=\"async\" class=\" wp-image-1408\" src=\"https:\/\/cybersavoir4.cssdm.gouv.qc.ca\/bibliotheque\/wp-content\/uploads\/sites\/2\/2015\/07\/Chronique20150831.gif\" alt=\"Reproduction d'image autoris\u00e9e par Gallimard.\" width=\"157\" height=\"192\" \/><\/a><figcaption id=\"caption-attachment-1408\" class=\"wp-caption-text\">Reproduction d&rsquo;image autoris\u00e9e par Gallimard.<\/figcaption><\/figure>\n<p style=\"text-align: justify\">Cet album raconte l\u2019histoire de Sophie qui fait d\u2019une courge achet\u00e9e au march\u00e9 une amie pour la vie. Cette courge, qui a exactement la taille d\u2019une poup\u00e9e, se fait pr\u00e9nommer Bernice par la jeune Sophie. Elle lui dessine un visage au feutre, elle l\u2019am\u00e8ne avec elle o\u00f9 qu\u2019elle aille et elle fait avec elle mille cabrioles. Ses parents l\u2019observent avec un m\u00e9lange d\u2019inqui\u00e9tude et de surprise et essaient de lui faire comprendre que la courge est un l\u00e9gume et qu\u2019elle est faite pour \u00eatre mang\u00e9e. Mais pas question de convaincre Sophie que sa courge pourrait devenir un bon g\u00e2teau!<!--more--><\/p>\n<p style=\"text-align: justify\">Apr\u00e8s quelque temps, Bernice devient de plus en plus molle et des taches brunes apparaissent sur sa peau. Sophie s\u2019inqui\u00e8te alors et demande \u00e0 un marchand de l\u00e9gumes le secret pour avoir de belles courges. Sous ses pr\u00e9cieux conseils, elle d\u00e9pose Bernice dans la cour au grand air.<\/p>\n<p style=\"text-align: justify\">L\u2019hiver passe et avec le printemps, on aper\u00e7oit maintenant,\u00a0\u00e0 l&rsquo;endroit o\u00f9 \u00e9tait d\u00e9pos\u00e9e Bernice, une petite pousse verte. La belle relation d\u2019amiti\u00e9 entre Sophie et sa courge n\u2019est pas termin\u00e9e, mais elle s\u2019est un peu transform\u00e9e.<\/p>\n<p style=\"text-align: justify\">Cet album est \u00e0 la fois amusant et touchant. De plus, il peut \u00eatre utilis\u00e9 pour aborder les th\u00e8mes de la croissance des plantes, de l\u2019amiti\u00e9 et \u00e9galement de l\u2019imagination.<\/p>\n<p style=\"text-align: justify\">J\u2019ai eu un coup de c\u0153ur imm\u00e9diat d\u00e8s le d\u00e9but de la lecture. Un petit bijou \u00e0 d\u00e9couvrir!<\/p>\n<p style=\"text-align: right\">Catherine Roy, biblioth\u00e9caire<\/p>\n<p><strong>R\u00e9f\u00e9rence :<\/strong><\/p>\n<p style=\"text-align: justify\"><em>Sophie et sa courge<\/em> \/ Pat Zietlow Miller, illustr\u00e9 par Anne Wilsdorf, Kal\u00e9idoscope, 2015, 32 p., ISBN\u00a0: 9782877678476.<\/p>\n","protected":false},"excerpt":{"rendered":"<p>Cet album raconte l\u2019histoire de Sophie qui fait d\u2019une courge achet\u00e9e au march\u00e9 une amie pour la vie. Cette courge, qui a exactement la taille d\u2019une poup\u00e9e, se fait pr\u00e9nommer Bernice par la jeune Sophie. Elle lui dessine un visage au feutre, elle l\u2019am\u00e8ne avec elle o\u00f9 qu\u2019elle aille et elle fait avec elle mille [&hellip;]<\/p>\n","protected":false},"author":0,"featured_media":0,"comment_status":"open","ping_status":"open","sticky":false,"template":"","format":"standard","meta":{"footnotes":""},"categories":[9],"tags":[11,12,8,72,33],"class_list":["post-1403","post","type-post","status-publish","format-standard","hentry","category-coups-de-coeur","tag-1er-cycle-du-primaire","tag-album","tag-amitie","tag-cycle-de-la-vie","tag-prescolaire"],"_links":{"self":[{"href":"https:\/\/cybersavoir4.cssdm.gouv.qc.ca\/bibliotheque\/wp-json\/wp\/v2\/posts\/1403","targetHints":{"allow":["GET"]}}],"collection":[{"href":"https:\/\/cybersavoir4.cssdm.gouv.qc.ca\/bibliotheque\/wp-json\/wp\/v2\/posts"}],"about":[{"href":"https:\/\/cybersavoir4.cssdm.gouv.qc.ca\/bibliotheque\/wp-json\/wp\/v2\/types\/post"}],"replies":[{"embeddable":true,"href":"https:\/\/cybersavoir4.cssdm.gouv.qc.ca\/bibliotheque\/wp-json\/wp\/v2\/comments?post=1403"}],"version-history":[{"count":0,"href":"https:\/\/cybersavoir4.cssdm.gouv.qc.ca\/bibliotheque\/wp-json\/wp\/v2\/posts\/1403\/revisions"}],"wp:attachment":[{"href":"https:\/\/cybersavoir4.cssdm.gouv.qc.ca\/bibliotheque\/wp-json\/wp\/v2\/media?parent=1403"}],"wp:term":[{"taxonomy":"category","embeddable":true,"href":"https:\/\/cybersavoir4.cssdm.gouv.qc.ca\/bibliotheque\/wp-json\/wp\/v2\/categories?post=1403"},{"taxonomy":"post_tag","embeddable":true,"href":"https:\/\/cybersavoir4.cssdm.gouv.qc.ca\/bibliotheque\/wp-json\/wp\/v2\/tags?post=1403"}],"curies":[{"name":"wp","href":"https:\/\/api.w.org\/{rel}","templated":true}]}}