{"id":11577,"date":"2024-11-22T11:56:15","date_gmt":"2024-11-22T16:56:15","guid":{"rendered":"https:\/\/cybersavoir4.cssdm.gouv.qc.ca\/bibliotheque\/?p=11577"},"modified":"2025-12-11T16:12:42","modified_gmt":"2025-12-11T21:12:42","slug":"droits-dauteur-et-ethique","status":"publish","type":"post","link":"https:\/\/cybersavoir4.cssdm.gouv.qc.ca\/bibliotheque\/droits-dauteur-et-ethique\/","title":{"rendered":"Droits d&rsquo;auteur et \u00e9thique !"},"content":{"rendered":"\n<figure class=\"wp-block-image alignleft\"><a href=\"https:\/\/cybersavoir4.cssdm.gouv.qc.ca\/bibliotheque\/wp-content\/uploads\/sites\/2\/2024\/11\/atelier_droit_auteur.png\"><img loading=\"lazy\" decoding=\"async\" width=\"300\" height=\"184\" src=\"https:\/\/cybersavoir4.cssdm.gouv.qc.ca\/bibliotheque\/wp-content\/uploads\/sites\/2\/2024\/11\/atelier_droit_auteur-300x184.png\" alt=\"\" class=\"wp-image-11578\" srcset=\"https:\/\/cybersavoir4.cssdm.gouv.qc.ca\/bibliotheque\/wp-content\/uploads\/sites\/2\/2024\/11\/atelier_droit_auteur-300x184.png 300w, https:\/\/cybersavoir4.cssdm.gouv.qc.ca\/bibliotheque\/wp-content\/uploads\/sites\/2\/2024\/11\/atelier_droit_auteur.png 483w\" sizes=\"auto, (max-width: 300px) 100vw, 300px\" \/><\/a><\/figure>\n\n\n\n<p>Vous voulez outiller vos \u00e9l\u00e8ves pour qu\u2019ils deviennent des utilisateurs responsables et \u00e9thiques de l\u2019information? Offrez \u00e0 vos \u00e9l\u00e8ves des comp\u00e9tences cl\u00e9s pour naviguer dans un monde riche en contenus tout en respectant les droits des cr\u00e9ateurs.<\/p>\n\n\n\n<p><strong>Pour qui ?<\/strong> \u00c9l\u00e8ves du primaire et du secondaire.<\/p>\n\n\n\n<!--more-->\n\n\n\n<p>L&rsquo;atelier <strong><em>Droits d&rsquo;auteur et \u00e9thique !<\/em><\/strong>&nbsp;&nbsp;vise \u00e0 d\u00e9velopper l&rsquo;esprit critique et l&rsquo;autonomie des \u00e9l\u00e8ves.&nbsp; Les \u00e9l\u00e8ves apprennent \u00e0 analyser et \u00e0 questionner l&rsquo;origine, la fiabilit\u00e9 et les conditions d&rsquo;utilisation des \u0153uvres. \u00c9galement, en comprenant les bases du droit d\u2019auteur et en ma\u00eetrisant des outils pratiques comme la citation et la m\u00e9diagraphie, les \u00e9l\u00e8ves deviennent capables de g\u00e9rer leurs propres recherches et productions intellectuelles.<\/p>\n\n\n\n<p><strong>Pour les \u00e9l\u00e8ves du primaire :<\/strong> l&rsquo;atelier est offert en ligne via Teams, en deux rencontres de 60 minutes chacune.<\/p>\n\n\n\n<p><strong>Pour les \u00e9l\u00e8ves du secondaire<\/strong> : l&rsquo;atelier est offert en pr\u00e9sentiel, avec un minimum de deux classes par \u00e9cole, afin de faciliter le d\u00e9placement de la formatrice.<br>\nL&rsquo;atelier peut \u00eatre donn\u00e9 en une seule p\u00e9riode.<\/p>\n\n\n\n<p><strong>Objectifs :&nbsp;<\/strong><\/p>\n\n\n\n<ul class=\"wp-block-list\">\n<li>Comprendre ce qu\u2019est le droit d\u2019auteur et \u00e0 quoi il sert.<\/li>\n\n\n\n<li>Reconnaitre les bonnes questions \u00e0 se poser avant d\u2019utiliser une \u0153uvre et utiliser l&rsquo;information de fa\u00e7on \u00e9thique.<\/li>\n\n\n\n<li>Apprendre \u00e0 citer et \u00e0 faire une m\u00e9diagraphie.<\/li>\n<\/ul>\n\n\n\n<p><strong>Contenu<\/strong><\/p>\n\n\n\n<ul class=\"wp-block-list\">\n<li>Propri\u00e9t\u00e9 intellectuelle<\/li>\n\n\n\n<li>Caract\u00e9ristiques du droit d&rsquo;auteur<\/li>\n\n\n\n<li>\u0152uvres prot\u00e9g\u00e9es<\/li>\n\n\n\n<li>\u0152uvres libres de droits<\/li>\n\n\n\n<li>Sites pour trouver du contenu libre de droits<\/li>\n\n\n\n<li>Licences et licences Creative Commons<\/li>\n\n\n\n<li>Intelligence artificielle<\/li>\n\n\n\n<li>Prise de notes<\/li>\n\n\n\n<li>Citer et paraphraser<\/li>\n\n\n\n<li>M\u00e9diagraphie<\/li>\n<\/ul>\n\n\n\n<p><strong>Personnes ressources :<br><\/strong>Guillaume S. Thibodeau | Primaire | sthibodeau.g@csdm.qc.ca<br>\u00c9lise Ste-Marie | Secondaire | stemarie.e@csdm.qc.ca<\/p>\n","protected":false},"excerpt":{"rendered":"<p>Vous voulez outiller vos \u00e9l\u00e8ves pour qu\u2019ils deviennent des utilisateurs responsables et \u00e9thiques de l\u2019information? Offrez \u00e0 vos \u00e9l\u00e8ves des comp\u00e9tences cl\u00e9s pour naviguer dans un monde riche en contenus tout en respectant les droits des cr\u00e9ateurs. Pour qui ? \u00c9l\u00e8ves du primaire et du secondaire.<\/p>\n","protected":false},"author":0,"featured_media":1,"comment_status":"open","ping_status":"open","sticky":false,"template":"","format":"standard","meta":{"footnotes":""},"categories":[17],"tags":[16,271],"class_list":["post-11577","post","type-post","status-publish","format-standard","has-post-thumbnail","hentry","category-formations","tag-formation","tag-formations"],"_links":{"self":[{"href":"https:\/\/cybersavoir4.cssdm.gouv.qc.ca\/bibliotheque\/wp-json\/wp\/v2\/posts\/11577","targetHints":{"allow":["GET"]}}],"collection":[{"href":"https:\/\/cybersavoir4.cssdm.gouv.qc.ca\/bibliotheque\/wp-json\/wp\/v2\/posts"}],"about":[{"href":"https:\/\/cybersavoir4.cssdm.gouv.qc.ca\/bibliotheque\/wp-json\/wp\/v2\/types\/post"}],"replies":[{"embeddable":true,"href":"https:\/\/cybersavoir4.cssdm.gouv.qc.ca\/bibliotheque\/wp-json\/wp\/v2\/comments?post=11577"}],"version-history":[{"count":2,"href":"https:\/\/cybersavoir4.cssdm.gouv.qc.ca\/bibliotheque\/wp-json\/wp\/v2\/posts\/11577\/revisions"}],"predecessor-version":[{"id":13334,"href":"https:\/\/cybersavoir4.cssdm.gouv.qc.ca\/bibliotheque\/wp-json\/wp\/v2\/posts\/11577\/revisions\/13334"}],"wp:featuredmedia":[{"embeddable":true,"href":"https:\/\/cybersavoir4.cssdm.gouv.qc.ca\/bibliotheque\/wp-json\/"}],"wp:attachment":[{"href":"https:\/\/cybersavoir4.cssdm.gouv.qc.ca\/bibliotheque\/wp-json\/wp\/v2\/media?parent=11577"}],"wp:term":[{"taxonomy":"category","embeddable":true,"href":"https:\/\/cybersavoir4.cssdm.gouv.qc.ca\/bibliotheque\/wp-json\/wp\/v2\/categories?post=11577"},{"taxonomy":"post_tag","embeddable":true,"href":"https:\/\/cybersavoir4.cssdm.gouv.qc.ca\/bibliotheque\/wp-json\/wp\/v2\/tags?post=11577"}],"curies":[{"name":"wp","href":"https:\/\/api.w.org\/{rel}","templated":true}]}}